
{"id":9349,"date":"2021-10-28T07:41:26","date_gmt":"2021-10-28T05:41:26","guid":{"rendered":"https:\/\/ilovefruitandvegfromeurope.com\/la-regina-dellautunno-e-simbolo-di-halloween-e-la-zucca\/"},"modified":"2021-10-28T08:02:15","modified_gmt":"2021-10-28T06:02:15","slug":"der-kurbis-ist-der-herbst-star-und-das-symbol-von-halloween","status":"publish","type":"post","link":"https:\/\/ilovefruitandvegfromeurope.com\/de\/der-kurbis-ist-der-herbst-star-und-das-symbol-von-halloween\/","title":{"rendered":"Der K\u00fcrbis ist der Herbst-Star und das Symbol von Halloween"},"content":{"rendered":"\n<p><strong>Der Herbst ist voll von gesunden Lebensmitteln wie dem K\u00fcrbis<\/strong>, der wenig Kalorien und viel Beta-Carotin enth\u00e4lt. <\/p>\n\n\n\n<p>Er ist s\u00fc\u00df, schmackhaft, reich an Ballaststoffen und Antioxidantien und kann Ihnen helfen, Gewicht zu verlieren und eine klare und strahlende Haut zu bekommen. <\/p>\n\n\n\n<p>Orange wie das Herbstlaub ist er ein vielseitiger Verb\u00fcndeter in der K\u00fcche, der sich perfekt f\u00fcr viele k\u00f6stliche Gerichte eignet: Risotto, frische Pasta, Suppen, S\u00e4miges, Beilagen, Kuchen und Kekse. <\/p>\n\n\n\n<p>Der K\u00fcrbis geh\u00f6rt zur Familie der K\u00fcrbisgew\u00e4chse und hat einen sehr hohen Wassergehalt, der auf etwa 94,5 % gesch\u00e4tzt wird, und ist kalorienarm &#8211; er enth\u00e4lt n\u00e4mlich nur 18 kcal pro 100 Gramm. <\/p>\n\n\n\n<p>Au\u00dferdem ist seine harntreibende und beruhigende Wirkung sehr vorteilhaft. <\/p>\n\n\n\n<p>Das Fruchtfleisch kann beispielsweise auf entz\u00fcndete Haut aufgetragen werden, und die Samen enthalten Cucurbitin, das zur Vorbeugung und Behandlung von Harnwegserkrankungen wie Blasenentz\u00fcndungen beitragen kann.<\/p>\n\n\n\n<p>Dieses Gem\u00fcse hat eine lange kulinarische Tradition mit typischen Rezepten aus den K\u00fcchen der ganzen Welt. <\/p>\n\n\n\n<p>Es kann auf vielf\u00e4ltige Weise zubereitet werden: gekocht, gebraten, ged\u00fcnstet oder im Schnellkochtopf gekocht, sautiert, gebacken und gebraten.<\/p>\n\n\n\n<p><strong>Eine einfache, schnelle und schmackhafte Beilage?<\/strong><\/p>\n\n\n\n<p>Man nehme den K\u00fcrbis, schneide ihn in W\u00fcrfel, f\u00fcge etwas \u00d6l, Salz, Pfeffer und Rosmarin hinzu und brate ihn in einer Pfanne wie Bratkartoffeln an. Der gebratene K\u00fcrbis wird herrlich knusprig, aber leichter.<\/p>\n\n\n\n<p><strong>Eine ideale Grundlage f\u00fcr Kuchen und Desserts?<\/strong><\/p>\n\n\n\n<p>Kochen Sie das Fruchtfleisch in einem Kochtopf oder einer gro\u00dfen Pfanne oder verwenden Sie die Mikrowelle. Nach dem Kochen ist das Fruchtfleisch sehr zart; es gen\u00fcgt, es einige Minuten lang zu r\u00fchren oder mit einer Gabel zu zerdr\u00fccken, um ein glattes P\u00fcree zu erhalten, das als Grundlage f\u00fcr originelle Kuchen und Desserts dienen kann, die Sie nach Ihren Vorstellungen verfeinern k\u00f6nnen.<\/p>\n\n\n\n<p><strong><br><\/strong><strong>Kerne oder Bl\u00fcten?<\/strong><\/p>\n\n\n\n<p>Die Kerne sind ausgezeichnet, sie werden zuerst gesalzen und dann getrocknet oder sogar im Ofen gebacken, w\u00e4hrend die &#8222;K\u00fcrbisbl\u00fcten&#8220;, die gebraten &#8211; probieren Sie sie mit K\u00e4se gef\u00fcllt &#8211; oder in der Pfanne sautiert werden k\u00f6nnen, sehr lecker sind!<\/p>\n\n\n\n<figure class=\"wp-block-image size-large\"><img decoding=\"async\" width=\"1024\" height=\"536\" src=\"https:\/\/ilovefruitandvegfromeurope.com\/wp-content\/uploads\/2021\/10\/1200x628-19-1024x536.png\" alt=\"Der K\u00fcrbis ist der Herbst-Star und das Symbol von Halloween\" class=\"wp-image-9313\" srcset=\"https:\/\/ilovefruitandvegfromeurope.com\/wp-content\/uploads\/2021\/10\/1200x628-19-1024x536.png 1024w, https:\/\/ilovefruitandvegfromeurope.com\/wp-content\/uploads\/2021\/10\/1200x628-19-300x157.png 300w, https:\/\/ilovefruitandvegfromeurope.com\/wp-content\/uploads\/2021\/10\/1200x628-19-768x402.png 768w, https:\/\/ilovefruitandvegfromeurope.com\/wp-content\/uploads\/2021\/10\/1200x628-19.png 1200w\" sizes=\"(max-width: 1024px) 100vw, 1024px\" \/><\/figure>\n\n\n\n<p><strong>Der K\u00fcrbis wurde erstmals von spanischen Eroberern aus Amerika nach Europa gebracht<\/strong>; die erste Erw\u00e4hnung dieses Gem\u00fcses in Europa stammt aus dem Jahr 1536, und er ist <strong>das Symbol f\u00fcr Halloween<\/strong>. <\/p>\n\n\n\n<p><strong>D\u00fcstere Legenden, alte Schl\u00f6sser und das gr\u00f6\u00dfte K\u00fcrbisfest der Welt<\/strong>, das im bl\u00fchenden Barock ganze zwei Monate dauert. <\/p>\n\n\n\n<p>Halloween in Deutschland ist gruselig, aber lecker: mit K\u00fcrbisbeilagen, Eint\u00f6pfen, Frikadellen und Desserts auf dem Tisch! <\/p>\n\n\n\n<p><strong>Die Deutschen feiern dieses Fest seit Anfang der 1990er Jahre mit Leidenschaft, und heute ist es sehr beliebt!<\/strong> <\/p>\n\n\n\n<p>Halloween ist ein Brauch keltischen Ursprungs, der dem christlichen Feiertag Allerheiligen vorausgeht. <\/p>\n\n\n\n<p>Es wird am 31. Oktober, der Nachtwache von Allerheiligen, gefeiert. <\/p>\n\n\n\n<p>Der Name Halloween leitet sich tats\u00e4chlich von den Worten All Hallow&#8217;s Eve (All Hallow Even) ab, was aus dem Keltischen \u00fcbersetzt &#8222;Die Nachtwache von Allerheiligen&#8220; bedeutet. Der <strong>Halloween-Lauf in Berlin<\/strong> ist ein Spa\u00df-Rennen, bei dem Sie in Kost\u00fcmen mit anderen Monstern, Zombies, Skeletten und Spukk\u00fcrbissen laufen k\u00f6nnen. <\/p>\n\n\n\n<p>Viele schm\u00fccken ihre G\u00e4rten mit gro\u00dfen K\u00fcrbissen und schnitzen andere vor ihrer Haust\u00fcr. <\/p>\n\n\n\n<p>Die Tradition dieses angels\u00e4chsischen Festes ist eng mit der Legende von Jack O&#8217;Lantern verbunden, einem ber\u00fcchtigten und geizigen Faulpelz, dem der Teufel eine brennende Kohle schenkte, um ihm den Weg in die Unterwelt zu erleuchten. <\/p>\n\n\n\n<p>Jack wiederum legte die gl\u00fchende Kohle in eine ausgeh\u00f6hlte R\u00fcbe, damit sie so lange wie m\u00f6glich brannte. <\/p>\n\n\n\n<p>Urspr\u00fcnglich war also nicht der K\u00fcrbis das Symbol von Halloween, sondern die R\u00fcbe! <\/p>\n\n\n\n<p>Es scheint, dass diese Ver\u00e4nderung mit einem wichtigen historischen Ereignis zusammenh\u00e4ngt: der gro\u00dfen Migration der Iren um 1800 auf den Neuen Kontinent, der voller K\u00fcrbisse war. <\/p>\n\n\n\n<p>Der Grund f\u00fcr die Migration war der Mangel an Feldfr\u00fcchten und insbesondere der Mangel an R\u00fcben. <\/p>\n\n\n\n<p><strong>Der \u00dcberlieferung nach wurde Jacks ber\u00fchmte Lampe aus einem orangefarbenen K\u00fcrbis gefertigt, auch um b\u00f6se Geister fernzuhalten<\/strong>. <\/p>\n\n\n\n<p>Manche verbinden es mit dem Fest zu Ehren von Pomona, der r\u00f6mischen G\u00f6ttin der Samen und Fr\u00fcchte, oder sogar mit dem r\u00f6mischen &#8222;Totenfest&#8220;, den Parentalia. <\/p>\n\n\n\n<p>Die Verkleidung und das Betteln von T\u00fcr zu T\u00fcr, das sp\u00e4ter zu &#8222;<strong>S\u00fc\u00dfes oder Saures<\/strong>&#8220; wurde, ist sogar ein Brauch, der bis ins Mittelalter zur\u00fcckreicht und die Praxis des Bettelns an Tagen, die den Toten gewidmet sind, beerbt. <\/p>\n\n\n\n<p>Und eine der beliebtesten S\u00fc\u00dfspeisen zu Halloween, die sich inzwischen in der ganzen Welt verbreitet hat, ist zweifellos der K\u00fcrbiskuchen.<\/p>\n\n\n\n<h2 class=\"wp-block-heading\"><strong><strong>Rezept f\u00fcr K\u00fcrbiskuchen (22-24 cm Form)<\/strong><\/strong><\/h2>\n\n\n\n<p><strong>Zutaten:<\/strong><\/p>\n\n\n\n<ul class=\"wp-block-list\"><li>500 g K\u00fcrbis\u00a0<\/li><li>100 g Kristallzucker<\/li><li>100 g brauner Zucker<\/li><li>2 Eier<\/li><li>300 g Mehl<\/li><li>4 Essl\u00f6ffel Sonnenblumen\u00f6l<\/li><li>150 ml Milch<\/li><li>1 P\u00e4ckchen Backpulver f\u00fcr Kuchen<\/li><li>eine Prise Salz<\/li><li>Zimtpulver, nach Geschmack<\/li><li>Muskatnuss, nach Belieben<\/li><\/ul>\n\n\n\n<p><strong><strong>Zubereitung<\/strong><\/strong>:<\/p>\n\n\n\n<p>Schneiden Sie den K\u00fcrbis in W\u00fcrfel und kochen Sie ihn 20 Minuten lang in kochendem Wasser. <\/p>\n\n\n\n<p>Sobald er weich ist, abgie\u00dfen, abk\u00fchlen lassen und zu einem glatten P\u00fcree p\u00fcrieren. <\/p>\n\n\n\n<p>Die Eier mit dem Zucker, dem Zimt und der Muskatnuss schaumig schlagen, das \u00d6l und die Milch dazugeben, dann das K\u00fcrbisp\u00fcree und beiseite stellen. <\/p>\n\n\n\n<p>Mehl, Backpulver und eine Prise Salz in einer Sch\u00fcssel mischen und in die Mischung sieben. <\/p>\n\n\n\n<p>Umr\u00fchren und wenn die Mischung glatt ist, in die Kuchenform geben. Im vorgeheizten Backofen bei 170\u00b0C ca. 40-45 Minuten backen und frohes Halloween!<\/p>\n\n\n\n<figure class=\"wp-block-image size-large\"><img decoding=\"async\" width=\"1024\" height=\"536\" src=\"https:\/\/ilovefruitandvegfromeurope.com\/wp-content\/uploads\/2021\/10\/1200x628-11-1024x536.png\" alt=\"Rezept f\u00fcr K\u00fcrbiskuchen \" class=\"wp-image-9320\" srcset=\"https:\/\/ilovefruitandvegfromeurope.com\/wp-content\/uploads\/2021\/10\/1200x628-11-1024x536.png 1024w, https:\/\/ilovefruitandvegfromeurope.com\/wp-content\/uploads\/2021\/10\/1200x628-11-300x157.png 300w, https:\/\/ilovefruitandvegfromeurope.com\/wp-content\/uploads\/2021\/10\/1200x628-11-768x402.png 768w, https:\/\/ilovefruitandvegfromeurope.com\/wp-content\/uploads\/2021\/10\/1200x628-11.png 1200w\" sizes=\"(max-width: 1024px) 100vw, 1024px\" \/><\/figure>\n\n\n\n<p>IZu guter Letzt bleiben wir in der K\u00fcche, um selbstgemachte Kosmetika zuzubereiten, z. B. erfrischende und feuchtigkeitsspendende K\u00fcrbismasken f\u00fcr Gesicht und Augen, Haarpackungen oder gl\u00e4ttende K\u00f6rperpeelings.\u00a0<\/p>\n\n\n\n<h2 class=\"wp-block-heading\"><strong><strong>Gl\u00e4ttende Gesichtsmaske mit K\u00fcrbis und Honig<\/strong><\/strong><\/h2>\n\n\n\n<p>Kochen Sie den gew\u00fcrfelten K\u00fcrbis und lassen Sie ihn abk\u00fchlen. P\u00fcrieren und mit etwas Honig vermischen. Tragen Sie die Mischung auf Ihr Gesicht auf und lassen Sie sie 10 Minuten lang einwirken. Mit warmem Wasser absp\u00fclen und voil\u00e0! &#8211; Ihre Haut wird frischer und glatter sein.<\/p>\n\n\n\n<h2 class=\"wp-block-heading\"><strong><strong>Peeling mit K\u00fcrbis und braunem Zucker<\/strong><\/strong><\/h2>\n\n\n\n<p>Mischen Sie 300 g K\u00fcrbisfruchtfleisch und 50 g braunen Zucker gut durch. Tragen Sie das Peeling auf Ihren K\u00f6rper auf, massieren Sie es ein und sp\u00fclen Sie es ab. Die Mischung kann auch unter der Dusche verwendet werden. Ihre Haut wird weicher und glatter.<\/p>\n\n\n\n<figure class=\"wp-block-image size-large\"><img decoding=\"async\" width=\"1024\" height=\"536\" src=\"https:\/\/ilovefruitandvegfromeurope.com\/wp-content\/uploads\/2021\/10\/1200x628-12-1024x536.png\" alt=\"Peeling mit K\u00fcrbis und braunem Zucker\" class=\"wp-image-9334\" srcset=\"https:\/\/ilovefruitandvegfromeurope.com\/wp-content\/uploads\/2021\/10\/1200x628-12-1024x536.png 1024w, https:\/\/ilovefruitandvegfromeurope.com\/wp-content\/uploads\/2021\/10\/1200x628-12-300x157.png 300w, https:\/\/ilovefruitandvegfromeurope.com\/wp-content\/uploads\/2021\/10\/1200x628-12-768x402.png 768w, https:\/\/ilovefruitandvegfromeurope.com\/wp-content\/uploads\/2021\/10\/1200x628-12.png 1200w\" sizes=\"(max-width: 1024px) 100vw, 1024px\" \/><\/figure>\n","protected":false},"excerpt":{"rendered":"<p>Der Herbst ist voll von gesunden Lebensmitteln wie dem K\u00fcrbis, der wenig Kalorien und viel Beta-Carotin enth\u00e4lt. Er ist s\u00fc\u00df, schmackhaft, reich an Ballaststoffen und Antioxidantien und kann Ihnen helfen, Gewicht zu verlieren und eine klare und strahlende Haut zu bekommen. Orange wie das Herbstlaub ist er ein vielseitiger Verb\u00fcndeter in der K\u00fcche, der sich<\/p>\n","protected":false},"author":1,"featured_media":9344,"comment_status":"open","ping_status":"open","sticky":false,"template":"","format":"standard","meta":{"_acf_changed":false,"footnotes":""},"categories":[21],"tags":[],"class_list":["post-9349","post","type-post","status-publish","format-standard","has-post-thumbnail","hentry","category-news"],"acf":[],"yoast_head":"<!-- This site is optimized with the Yoast SEO plugin v24.1 - https:\/\/yoast.com\/wordpress\/plugins\/seo\/ -->\n<title>Der K\u00fcrbis ist der Herbst-Star und das Symbol von Halloween<\/title>\n<meta name=\"description\" content=\"Der K\u00fcrbis ist der Herbst-Star und das Symbol von Halloween: erfahre hier alles, was du \u00fcber K\u00fcrbis wissen musst!\" \/>\n<meta name=\"robots\" content=\"index, follow, max-snippet:-1, max-image-preview:large, max-video-preview:-1\" \/>\n<link rel=\"canonical\" href=\"https:\/\/ilovefruitandvegfromeurope.com\/de\/der-kurbis-ist-der-herbst-star-und-das-symbol-von-halloween\/\" \/>\n<meta property=\"og:locale\" content=\"de_DE\" \/>\n<meta property=\"og:type\" content=\"article\" \/>\n<meta property=\"og:title\" content=\"Der K\u00fcrbis ist der Herbst-Star und das Symbol von Halloween\" \/>\n<meta property=\"og:description\" content=\"Der K\u00fcrbis ist der Herbst-Star und das Symbol von Halloween: erfahre hier alles, was du \u00fcber K\u00fcrbis wissen musst!\" \/>\n<meta property=\"og:url\" content=\"https:\/\/ilovefruitandvegfromeurope.com\/de\/der-kurbis-ist-der-herbst-star-und-das-symbol-von-halloween\/\" \/>\n<meta property=\"og:site_name\" content=\"I Love Fruit And Veg From Europe\" \/>\n<meta property=\"article:published_time\" content=\"2021-10-28T05:41:26+00:00\" \/>\n<meta property=\"article:modified_time\" content=\"2021-10-28T06:02:15+00:00\" \/>\n<meta property=\"og:image\" content=\"https:\/\/ilovefruitandvegfromeurope.com\/wp-content\/uploads\/2021\/10\/1200x628-20.png\" \/>\n\t<meta property=\"og:image:width\" content=\"1200\" \/>\n\t<meta property=\"og:image:height\" content=\"628\" \/>\n\t<meta property=\"og:image:type\" content=\"image\/png\" \/>\n<meta name=\"author\" content=\"fruitveg\" \/>\n<meta name=\"twitter:card\" content=\"summary_large_image\" \/>\n<meta name=\"twitter:label1\" content=\"Verfasst von\" \/>\n\t<meta name=\"twitter:data1\" content=\"fruitveg\" \/>\n\t<meta name=\"twitter:label2\" content=\"Gesch\u00e4tzte Lesezeit\" \/>\n\t<meta name=\"twitter:data2\" content=\"5\u00a0Minuten\" \/>\n<script type=\"application\/ld+json\" class=\"yoast-schema-graph\">{\"@context\":\"https:\/\/schema.org\",\"@graph\":[{\"@type\":\"Article\",\"@id\":\"https:\/\/ilovefruitandvegfromeurope.com\/de\/der-kurbis-ist-der-herbst-star-und-das-symbol-von-halloween\/#article\",\"isPartOf\":{\"@id\":\"https:\/\/ilovefruitandvegfromeurope.com\/de\/der-kurbis-ist-der-herbst-star-und-das-symbol-von-halloween\/\"},\"author\":{\"name\":\"fruitveg\",\"@id\":\"https:\/\/ilovefruitandvegfromeurope.com\/de\/#\/schema\/person\/163e69ff574190387c7458958552ffd7\"},\"headline\":\"Der K\u00fcrbis ist der Herbst-Star und das Symbol von Halloween\",\"datePublished\":\"2021-10-28T05:41:26+00:00\",\"dateModified\":\"2021-10-28T06:02:15+00:00\",\"mainEntityOfPage\":{\"@id\":\"https:\/\/ilovefruitandvegfromeurope.com\/de\/der-kurbis-ist-der-herbst-star-und-das-symbol-von-halloween\/\"},\"wordCount\":1072,\"commentCount\":0,\"publisher\":{\"@id\":\"https:\/\/ilovefruitandvegfromeurope.com\/de\/#organization\"},\"image\":{\"@id\":\"https:\/\/ilovefruitandvegfromeurope.com\/de\/der-kurbis-ist-der-herbst-star-und-das-symbol-von-halloween\/#primaryimage\"},\"thumbnailUrl\":\"https:\/\/ilovefruitandvegfromeurope.com\/wp-content\/uploads\/2021\/10\/1200x628-20.png\",\"articleSection\":[\"News\"],\"inLanguage\":\"de\"},{\"@type\":\"WebPage\",\"@id\":\"https:\/\/ilovefruitandvegfromeurope.com\/de\/der-kurbis-ist-der-herbst-star-und-das-symbol-von-halloween\/\",\"url\":\"https:\/\/ilovefruitandvegfromeurope.com\/de\/der-kurbis-ist-der-herbst-star-und-das-symbol-von-halloween\/\",\"name\":\"Der K\u00fcrbis ist der Herbst-Star und das Symbol von Halloween\",\"isPartOf\":{\"@id\":\"https:\/\/ilovefruitandvegfromeurope.com\/de\/#website\"},\"primaryImageOfPage\":{\"@id\":\"https:\/\/ilovefruitandvegfromeurope.com\/de\/der-kurbis-ist-der-herbst-star-und-das-symbol-von-halloween\/#primaryimage\"},\"image\":{\"@id\":\"https:\/\/ilovefruitandvegfromeurope.com\/de\/der-kurbis-ist-der-herbst-star-und-das-symbol-von-halloween\/#primaryimage\"},\"thumbnailUrl\":\"https:\/\/ilovefruitandvegfromeurope.com\/wp-content\/uploads\/2021\/10\/1200x628-20.png\",\"datePublished\":\"2021-10-28T05:41:26+00:00\",\"dateModified\":\"2021-10-28T06:02:15+00:00\",\"description\":\"Der K\u00fcrbis ist der Herbst-Star und das Symbol von Halloween: erfahre hier alles, was du \u00fcber K\u00fcrbis wissen musst!\",\"breadcrumb\":{\"@id\":\"https:\/\/ilovefruitandvegfromeurope.com\/de\/der-kurbis-ist-der-herbst-star-und-das-symbol-von-halloween\/#breadcrumb\"},\"inLanguage\":\"de\",\"potentialAction\":[{\"@type\":\"ReadAction\",\"target\":[\"https:\/\/ilovefruitandvegfromeurope.com\/de\/der-kurbis-ist-der-herbst-star-und-das-symbol-von-halloween\/\"]}]},{\"@type\":\"ImageObject\",\"inLanguage\":\"de\",\"@id\":\"https:\/\/ilovefruitandvegfromeurope.com\/de\/der-kurbis-ist-der-herbst-star-und-das-symbol-von-halloween\/#primaryimage\",\"url\":\"https:\/\/ilovefruitandvegfromeurope.com\/wp-content\/uploads\/2021\/10\/1200x628-20.png\",\"contentUrl\":\"https:\/\/ilovefruitandvegfromeurope.com\/wp-content\/uploads\/2021\/10\/1200x628-20.png\",\"width\":1200,\"height\":628,\"caption\":\"La regina dell'autunno e simbolo di Halloween \u00e8 la zucca\"},{\"@type\":\"BreadcrumbList\",\"@id\":\"https:\/\/ilovefruitandvegfromeurope.com\/de\/der-kurbis-ist-der-herbst-star-und-das-symbol-von-halloween\/#breadcrumb\",\"itemListElement\":[{\"@type\":\"ListItem\",\"position\":1,\"name\":\"Home\",\"item\":\"https:\/\/ilovefruitandvegfromeurope.com\/de\/\"},{\"@type\":\"ListItem\",\"position\":2,\"name\":\"Der K\u00fcrbis ist der Herbst-Star und das Symbol von Halloween\"}]},{\"@type\":\"WebSite\",\"@id\":\"https:\/\/ilovefruitandvegfromeurope.com\/de\/#website\",\"url\":\"https:\/\/ilovefruitandvegfromeurope.com\/de\/\",\"name\":\"I Love Fruit And Veg From Europe\",\"description\":\"I Love Fruit And Veg From Europe: I Choose Fresh And Fair\",\"publisher\":{\"@id\":\"https:\/\/ilovefruitandvegfromeurope.com\/de\/#organization\"},\"potentialAction\":[{\"@type\":\"SearchAction\",\"target\":{\"@type\":\"EntryPoint\",\"urlTemplate\":\"https:\/\/ilovefruitandvegfromeurope.com\/de\/?s={search_term_string}\"},\"query-input\":{\"@type\":\"PropertyValueSpecification\",\"valueRequired\":true,\"valueName\":\"search_term_string\"}}],\"inLanguage\":\"de\"},{\"@type\":\"Organization\",\"@id\":\"https:\/\/ilovefruitandvegfromeurope.com\/de\/#organization\",\"name\":\"I Love Fruit And Veg From Europe\",\"url\":\"https:\/\/ilovefruitandvegfromeurope.com\/de\/\",\"logo\":{\"@type\":\"ImageObject\",\"inLanguage\":\"de\",\"@id\":\"https:\/\/ilovefruitandvegfromeurope.com\/de\/#\/schema\/logo\/image\/\",\"url\":\"https:\/\/ilovefruitandvegfromeurope.com\/wp-content\/uploads\/2021\/07\/logo.png\",\"contentUrl\":\"https:\/\/ilovefruitandvegfromeurope.com\/wp-content\/uploads\/2021\/07\/logo.png\",\"width\":248,\"height\":62,\"caption\":\"I Love Fruit And Veg From Europe\"},\"image\":{\"@id\":\"https:\/\/ilovefruitandvegfromeurope.com\/de\/#\/schema\/logo\/image\/\"}},{\"@type\":\"Person\",\"@id\":\"https:\/\/ilovefruitandvegfromeurope.com\/de\/#\/schema\/person\/163e69ff574190387c7458958552ffd7\",\"name\":\"fruitveg\",\"image\":{\"@type\":\"ImageObject\",\"inLanguage\":\"de\",\"@id\":\"https:\/\/ilovefruitandvegfromeurope.com\/de\/#\/schema\/person\/image\/\",\"url\":\"https:\/\/secure.gravatar.com\/avatar\/2b0054ffb041733ca48dc14a3e80a608?s=96&d=mm&r=g\",\"contentUrl\":\"https:\/\/secure.gravatar.com\/avatar\/2b0054ffb041733ca48dc14a3e80a608?s=96&d=mm&r=g\",\"caption\":\"fruitveg\"},\"sameAs\":[\"https:\/\/ilovefruitandvegfromeurope.com\"],\"url\":\"https:\/\/ilovefruitandvegfromeurope.com\/de\/author\/fruitveg\/\"}]}<\/script>\n<!-- \/ Yoast SEO plugin. -->","yoast_head_json":{"title":"Der K\u00fcrbis ist der Herbst-Star und das Symbol von Halloween","description":"Der K\u00fcrbis ist der Herbst-Star und das Symbol von Halloween: erfahre hier alles, was du \u00fcber K\u00fcrbis wissen musst!","robots":{"index":"index","follow":"follow","max-snippet":"max-snippet:-1","max-image-preview":"max-image-preview:large","max-video-preview":"max-video-preview:-1"},"canonical":"https:\/\/ilovefruitandvegfromeurope.com\/de\/der-kurbis-ist-der-herbst-star-und-das-symbol-von-halloween\/","og_locale":"de_DE","og_type":"article","og_title":"Der K\u00fcrbis ist der Herbst-Star und das Symbol von Halloween","og_description":"Der K\u00fcrbis ist der Herbst-Star und das Symbol von Halloween: erfahre hier alles, was du \u00fcber K\u00fcrbis wissen musst!","og_url":"https:\/\/ilovefruitandvegfromeurope.com\/de\/der-kurbis-ist-der-herbst-star-und-das-symbol-von-halloween\/","og_site_name":"I Love Fruit And Veg From Europe","article_published_time":"2021-10-28T05:41:26+00:00","article_modified_time":"2021-10-28T06:02:15+00:00","og_image":[{"width":1200,"height":628,"url":"https:\/\/ilovefruitandvegfromeurope.com\/wp-content\/uploads\/2021\/10\/1200x628-20.png","type":"image\/png"}],"author":"fruitveg","twitter_card":"summary_large_image","twitter_misc":{"Verfasst von":"fruitveg","Gesch\u00e4tzte Lesezeit":"5\u00a0Minuten"},"schema":{"@context":"https:\/\/schema.org","@graph":[{"@type":"Article","@id":"https:\/\/ilovefruitandvegfromeurope.com\/de\/der-kurbis-ist-der-herbst-star-und-das-symbol-von-halloween\/#article","isPartOf":{"@id":"https:\/\/ilovefruitandvegfromeurope.com\/de\/der-kurbis-ist-der-herbst-star-und-das-symbol-von-halloween\/"},"author":{"name":"fruitveg","@id":"https:\/\/ilovefruitandvegfromeurope.com\/de\/#\/schema\/person\/163e69ff574190387c7458958552ffd7"},"headline":"Der K\u00fcrbis ist der Herbst-Star und das Symbol von Halloween","datePublished":"2021-10-28T05:41:26+00:00","dateModified":"2021-10-28T06:02:15+00:00","mainEntityOfPage":{"@id":"https:\/\/ilovefruitandvegfromeurope.com\/de\/der-kurbis-ist-der-herbst-star-und-das-symbol-von-halloween\/"},"wordCount":1072,"commentCount":0,"publisher":{"@id":"https:\/\/ilovefruitandvegfromeurope.com\/de\/#organization"},"image":{"@id":"https:\/\/ilovefruitandvegfromeurope.com\/de\/der-kurbis-ist-der-herbst-star-und-das-symbol-von-halloween\/#primaryimage"},"thumbnailUrl":"https:\/\/ilovefruitandvegfromeurope.com\/wp-content\/uploads\/2021\/10\/1200x628-20.png","articleSection":["News"],"inLanguage":"de"},{"@type":"WebPage","@id":"https:\/\/ilovefruitandvegfromeurope.com\/de\/der-kurbis-ist-der-herbst-star-und-das-symbol-von-halloween\/","url":"https:\/\/ilovefruitandvegfromeurope.com\/de\/der-kurbis-ist-der-herbst-star-und-das-symbol-von-halloween\/","name":"Der K\u00fcrbis ist der Herbst-Star und das Symbol von Halloween","isPartOf":{"@id":"https:\/\/ilovefruitandvegfromeurope.com\/de\/#website"},"primaryImageOfPage":{"@id":"https:\/\/ilovefruitandvegfromeurope.com\/de\/der-kurbis-ist-der-herbst-star-und-das-symbol-von-halloween\/#primaryimage"},"image":{"@id":"https:\/\/ilovefruitandvegfromeurope.com\/de\/der-kurbis-ist-der-herbst-star-und-das-symbol-von-halloween\/#primaryimage"},"thumbnailUrl":"https:\/\/ilovefruitandvegfromeurope.com\/wp-content\/uploads\/2021\/10\/1200x628-20.png","datePublished":"2021-10-28T05:41:26+00:00","dateModified":"2021-10-28T06:02:15+00:00","description":"Der K\u00fcrbis ist der Herbst-Star und das Symbol von Halloween: erfahre hier alles, was du \u00fcber K\u00fcrbis wissen musst!","breadcrumb":{"@id":"https:\/\/ilovefruitandvegfromeurope.com\/de\/der-kurbis-ist-der-herbst-star-und-das-symbol-von-halloween\/#breadcrumb"},"inLanguage":"de","potentialAction":[{"@type":"ReadAction","target":["https:\/\/ilovefruitandvegfromeurope.com\/de\/der-kurbis-ist-der-herbst-star-und-das-symbol-von-halloween\/"]}]},{"@type":"ImageObject","inLanguage":"de","@id":"https:\/\/ilovefruitandvegfromeurope.com\/de\/der-kurbis-ist-der-herbst-star-und-das-symbol-von-halloween\/#primaryimage","url":"https:\/\/ilovefruitandvegfromeurope.com\/wp-content\/uploads\/2021\/10\/1200x628-20.png","contentUrl":"https:\/\/ilovefruitandvegfromeurope.com\/wp-content\/uploads\/2021\/10\/1200x628-20.png","width":1200,"height":628,"caption":"La regina dell'autunno e simbolo di Halloween \u00e8 la zucca"},{"@type":"BreadcrumbList","@id":"https:\/\/ilovefruitandvegfromeurope.com\/de\/der-kurbis-ist-der-herbst-star-und-das-symbol-von-halloween\/#breadcrumb","itemListElement":[{"@type":"ListItem","position":1,"name":"Home","item":"https:\/\/ilovefruitandvegfromeurope.com\/de\/"},{"@type":"ListItem","position":2,"name":"Der K\u00fcrbis ist der Herbst-Star und das Symbol von Halloween"}]},{"@type":"WebSite","@id":"https:\/\/ilovefruitandvegfromeurope.com\/de\/#website","url":"https:\/\/ilovefruitandvegfromeurope.com\/de\/","name":"I Love Fruit And Veg From Europe","description":"I Love Fruit And Veg From Europe: I Choose Fresh And Fair","publisher":{"@id":"https:\/\/ilovefruitandvegfromeurope.com\/de\/#organization"},"potentialAction":[{"@type":"SearchAction","target":{"@type":"EntryPoint","urlTemplate":"https:\/\/ilovefruitandvegfromeurope.com\/de\/?s={search_term_string}"},"query-input":{"@type":"PropertyValueSpecification","valueRequired":true,"valueName":"search_term_string"}}],"inLanguage":"de"},{"@type":"Organization","@id":"https:\/\/ilovefruitandvegfromeurope.com\/de\/#organization","name":"I Love Fruit And Veg From Europe","url":"https:\/\/ilovefruitandvegfromeurope.com\/de\/","logo":{"@type":"ImageObject","inLanguage":"de","@id":"https:\/\/ilovefruitandvegfromeurope.com\/de\/#\/schema\/logo\/image\/","url":"https:\/\/ilovefruitandvegfromeurope.com\/wp-content\/uploads\/2021\/07\/logo.png","contentUrl":"https:\/\/ilovefruitandvegfromeurope.com\/wp-content\/uploads\/2021\/07\/logo.png","width":248,"height":62,"caption":"I Love Fruit And Veg From Europe"},"image":{"@id":"https:\/\/ilovefruitandvegfromeurope.com\/de\/#\/schema\/logo\/image\/"}},{"@type":"Person","@id":"https:\/\/ilovefruitandvegfromeurope.com\/de\/#\/schema\/person\/163e69ff574190387c7458958552ffd7","name":"fruitveg","image":{"@type":"ImageObject","inLanguage":"de","@id":"https:\/\/ilovefruitandvegfromeurope.com\/de\/#\/schema\/person\/image\/","url":"https:\/\/secure.gravatar.com\/avatar\/2b0054ffb041733ca48dc14a3e80a608?s=96&d=mm&r=g","contentUrl":"https:\/\/secure.gravatar.com\/avatar\/2b0054ffb041733ca48dc14a3e80a608?s=96&d=mm&r=g","caption":"fruitveg"},"sameAs":["https:\/\/ilovefruitandvegfromeurope.com"],"url":"https:\/\/ilovefruitandvegfromeurope.com\/de\/author\/fruitveg\/"}]}},"_links":{"self":[{"href":"https:\/\/ilovefruitandvegfromeurope.com\/de\/wp-json\/wp\/v2\/posts\/9349","targetHints":{"allow":["GET"]}}],"collection":[{"href":"https:\/\/ilovefruitandvegfromeurope.com\/de\/wp-json\/wp\/v2\/posts"}],"about":[{"href":"https:\/\/ilovefruitandvegfromeurope.com\/de\/wp-json\/wp\/v2\/types\/post"}],"author":[{"embeddable":true,"href":"https:\/\/ilovefruitandvegfromeurope.com\/de\/wp-json\/wp\/v2\/users\/1"}],"replies":[{"embeddable":true,"href":"https:\/\/ilovefruitandvegfromeurope.com\/de\/wp-json\/wp\/v2\/comments?post=9349"}],"version-history":[{"count":1,"href":"https:\/\/ilovefruitandvegfromeurope.com\/de\/wp-json\/wp\/v2\/posts\/9349\/revisions"}],"predecessor-version":[{"id":9351,"href":"https:\/\/ilovefruitandvegfromeurope.com\/de\/wp-json\/wp\/v2\/posts\/9349\/revisions\/9351"}],"wp:featuredmedia":[{"embeddable":true,"href":"https:\/\/ilovefruitandvegfromeurope.com\/de\/wp-json\/wp\/v2\/media\/9344"}],"wp:attachment":[{"href":"https:\/\/ilovefruitandvegfromeurope.com\/de\/wp-json\/wp\/v2\/media?parent=9349"}],"wp:term":[{"taxonomy":"category","embeddable":true,"href":"https:\/\/ilovefruitandvegfromeurope.com\/de\/wp-json\/wp\/v2\/categories?post=9349"},{"taxonomy":"post_tag","embeddable":true,"href":"https:\/\/ilovefruitandvegfromeurope.com\/de\/wp-json\/wp\/v2\/tags?post=9349"}],"curies":[{"name":"wp","href":"https:\/\/api.w.org\/{rel}","templated":true}]}}