
{"id":9759,"date":"2021-10-30T07:16:26","date_gmt":"2021-10-30T05:16:26","guid":{"rendered":"https:\/\/ilovefruitandvegfromeurope.com\/seasonal-fruit-its-grape-season\/"},"modified":"2021-11-03T12:32:28","modified_gmt":"2021-11-03T11:32:28","slug":"fruta-de-temporada-es-temporada-de-uvas","status":"publish","type":"post","link":"https:\/\/ilovefruitandvegfromeurope.com\/es\/fruta-de-temporada-es-temporada-de-uvas\/","title":{"rendered":"Fruta de temporada: \u00a1es temporada de uvas!"},"content":{"rendered":"\n<p id=\"E45\">El oto\u00f1o es la \u00e9poca de la <strong>vendimia<\/strong>, y por lo tanto es el momento de hablar de los frutos con los que se produce el vino: la uva.<\/p>\n\n\n\n<p id=\"E50\">Las uvas siempre han sido consideradas uno de los frutos simb\u00f3licos de la abundancia y la celebraci\u00f3n.<\/p>\n\n\n\n<p id=\"E52\">Esta jugosa fruta es uno de los s\u00edmbolos del Mediterr\u00e1neo por excelencia y desde hace siglos est\u00e1 presente en nuestras mesas.<\/p>\n\n\n\n<p id=\"E58\">Las uvas son el peque\u00f1o fruto de la planta Vitis Vinifera, redondo u ovalado que tiene una pulpa semitransparente envuelta por una piel suave. Algunos tipos contienen semillas comestibles, mientras que otros no las tienen . <\/p>\n\n\n\n<p id=\"E58\">Las uvas que se comen se llaman uvas de mesa, pero tambi\u00e9n hay uvas para vino (utilizadas en viticultura) y pasas (secas). <\/p>\n\n\n\n<p id=\"E58\">El conjunto de frutos se llama racimo.<\/p>\n\n\n\n<p id=\"E64\">Sabemos como consumirlas de muchas maneras: desde simples uvas de mesa, hasta pasas en postres, sin olvidarnos del vino; pero quiz\u00e1s pocos conozcan las propiedades beneficiosas reales de las uvas.<\/p>\n\n\n\n<h2 class=\"wp-block-heading\"><strong><strong><strong>Los componentes nutricionales de las uvas<\/strong><\/strong><\/strong><\/h2>\n\n\n\n<p>Las uvas contienen grandes cantidades de:<\/p>\n\n\n\n<ul class=\"wp-block-list\"><li>az\u00facares, como glucosa y fructosa;<\/li><li>pectinas;<\/li><li>\u00e1cido tart\u00e1rico;<\/li><li>vitaminas A, C, PP, B1, B2;<\/li><li>taninos y polifenoles;<\/li><li>muchas sales minerales como sodio, calcio, potasio, magnesio y manganeso, yodo, f\u00f3sforo, hierro y cromo.<\/li><\/ul>\n\n\n\n<h2 class=\"wp-block-heading\"><strong><strong><strong>Las virtudes de la uva<\/strong><\/strong><\/strong><\/h2>\n\n\n\n<p>La uva es una fruta con mil virtudes:<\/p>\n\n\n\n<ul class=\"wp-block-list\"><li>purificante<\/li><li>energ\u00e9tica<\/li><li>rico en vitaminas y minerales<\/li><li>ayuda v\u00e1lida contra el colesterol<\/li><li>beneficioso para la piel y el cabello.<\/li><\/ul>\n\n\n\n<p id=\"E102\">Seg\u00fan los expertos, el mejor momento para comer uvas es por la ma\u00f1ana y se deber\u00eda evitar comer demasiado en la cena. Y, naturalmente, es una fruta especialmente dulce.<\/p>\n\n\n\n<p>Desde el punto de vista nutricional, las uvas negras son mejores que las verdes, porque contienen cantidades mucho mayores de fitocompuestos (seis veces m\u00e1s), que modulan la actividad biol\u00f3gica y son valiosos para el organismo.<\/p>\n\n\n\n<p id=\"E112\">El aceite obtenido del prensado de las pepitas de uva es rico en \u00e1cidos grasos poliinsaturados, cuya funci\u00f3n es reducir el colesterol en sangre.<\/p>\n\n\n\n<p id=\"E114\">Los az\u00facares de uva son simples y de f\u00e1cil asimilaci\u00f3n y esto lo convierte en un alimento muy ligero.<\/p>\n\n\n\n<p id=\"E116\">Gracias a las pectinas y al \u00e1cido tart\u00e1rico, esta fruta tiene una acci\u00f3n protectora para el tracto digestivo.<\/p>\n\n\n\n<p id=\"E120\">Las sales minerales tienen un efecto anti-envejecimiento y anti-radicales libres. El potasio tiene un efecto diur\u00e9tico y depurativo.<\/p>\n\n\n\n<figure class=\"wp-block-image size-large\"><img decoding=\"async\" width=\"1024\" height=\"536\" src=\"https:\/\/ilovefruitandvegfromeurope.com\/wp-content\/uploads\/2021\/10\/1200x628-37-1024x536.png\" alt=\"Grapes\" class=\"wp-image-9501\" srcset=\"https:\/\/ilovefruitandvegfromeurope.com\/wp-content\/uploads\/2021\/10\/1200x628-37-1024x536.png 1024w, https:\/\/ilovefruitandvegfromeurope.com\/wp-content\/uploads\/2021\/10\/1200x628-37-300x157.png 300w, https:\/\/ilovefruitandvegfromeurope.com\/wp-content\/uploads\/2021\/10\/1200x628-37-768x402.png 768w, https:\/\/ilovefruitandvegfromeurope.com\/wp-content\/uploads\/2021\/10\/1200x628-37.png 1200w\" sizes=\"(max-width: 1024px) 100vw, 1024px\" \/><\/figure>\n\n\n\n<h2 class=\"wp-block-heading\"><strong><strong><strong>Propiedades de la uva<\/strong><\/strong><\/strong><\/h2>\n\n\n\n<p>Aliada de la salud y de la belleza gracias a sus propiedades beneficiosas:<\/p>\n\n\n\n<ul class=\"wp-block-list\"><li>se recomienda en presencia de anemia, fatiga, artritis, varices, gota, uricemia, enfermedades de la piel y hiperazotemia<\/li><li>excelente antioxidante y anticancer\u00edgeno gracias a los polifenoles y al resveratrol, dos elementos presentes en la piel de la uva negra<\/li><li>tiene propiedades antivirales y act\u00faa contra el herpes simple, en este \u00faltimo caso mediante la aplicaci\u00f3n de mosto o zumo de uva en los labios afectados, acelerando su curaci\u00f3n<\/li><li>ayuda v\u00e1lida en caso de estre\u00f1imiento<\/li><li>eliminanado de c\u00e1scara y semillas, ayuda a quienes padecen trastornos digestivos.<\/li><\/ul>\n\n\n\n<p id=\"E147\">Si se cogen las bayas de uva y se prepara un pur\u00e9 para aplicar sobre la piel del rostro y cuello, se realiza una acci\u00f3n astringente y revitalizante.<\/p>\n\n\n\n<p id=\"E150\">Las uvas deben consumirse siempre con mucha moderaci\u00f3n en caso de diabetes y obesidad.<\/p>\n\n\n\n<p id=\"E152\">Si padece anemia, desnutricion, bronquitis y laringitis, puede utilizar pasas preparando una decocci\u00f3n con 2 cucharaditas de pasas en una taza de agua hirviendo.<\/p>\n\n\n\n<h2 class=\"wp-block-heading\"><strong><strong><strong>Variedad de uvas<\/strong><\/strong><\/strong><\/h2>\n\n\n\n<p>Entre las variedades de uva comunes se encuentran:<\/p>\n\n\n\n<ul class=\"wp-block-list\"><li><strong>Uvas blancas<\/strong>: consideradas las m\u00e1s diur\u00e9ticas. En comparaci\u00f3n con otros tipos de uva, contiene menos taninos (compuestos polifen\u00f3licos que se encuentran en la piel, en las semillas y en el tallo);<\/li><li><strong>Uva negra<\/strong>: la m\u00e1s rica en antioxidantes, contiene de hecho resveratrol (funci\u00f3n antif\u00fangica, que se encuentra especialmente en la piel) y antocianinas (que se encuentran principalmente en la piel y dan el color rojo a la uva y al vino) en abundancia, sustancias<\/li><li>muy importantes en lucha contra los radicales libres y contra el envejecimiento celular. Protegen el coraz\u00f3n, la circulaci\u00f3n y los vasos venosos;<\/li><li><strong>Uva fresa<\/strong> (com\u00fanmente llamada \u00abamericana\u00bb): rica en carotenoides (pigmentos vegetales encargados de captar la luz no absorbida por la clorofila) y \u00e1cido f\u00f3lico, protege los ojos, la piel y el sistema nervioso;<\/li><li><strong>Pasas<\/strong>: alto contenido en az\u00facares (283kcal \/ 100g), para consumir con moderaci\u00f3n. Excelente fuente de potasio, imprescindible durante el esfuerzo f\u00edsico intenso y para regular la hipertensi\u00f3n arterial.<\/li><\/ul>\n\n\n\n<p>Al llevar las uvas a la fermentaci\u00f3n se obtiene una bebida deliciosa, el vino, excelente para favorecer la digesti\u00f3n. El vino es una bebida con propiedades embriagantes que en la antig\u00fcedad se utilizaba en contextos ceremoniales.<\/p>\n\n\n\n<h2 class=\"wp-block-heading\"><strong><strong><strong>Calor\u00edas y propiedades nutricionales de las uvas<\/strong>.<\/strong><\/strong><\/h2>\n\n\n\n<p id=\"E183\">Las uvas no son un alimento especialmente cal\u00f3rico: 100 gr de uvas blancas contienen:<\/p>\n\n\n\n<p id=\"E187\">unas 86 kcal, un poco m\u00e1s que la misma cantidad de manzana. 100 gr de uva, sin embargo, corresponden a unas 8-12 uvas, por lo que no debemos excedernos en cantidades. La misma cantidad de uvas negras, en cambio, aporta solo 53 kcal.<\/p>\n\n\n\n<p id=\"E189\">Unos 20 gramos de az\u00facares, divididos equitativamente entre fructosa y glucosa<\/p>\n\n\n\n<p id=\"E193\">Una buena cantidad de vitamina C, vitamina B6 (una vitamina muy importante para la producci\u00f3n de energ\u00eda de nuestras c\u00e9lulas), potasio y cobre, adem\u00e1s de m\u00e1lico, tart\u00e1rico, c\u00edtrico y antioxidantes.<\/p>\n\n\n\n<h2 class=\"wp-block-heading\"><strong><strong><strong>Uvas y belleza DIY<\/strong><\/strong><\/strong><\/h2>\n\n\n\n<p>Aqu\u00ed hay algunas recetas sencillas para preparar uno mismo:<\/p>\n\n\n\n<h3 class=\"wp-block-heading\"><strong><strong><strong><strong>Mascarilla facial casera anti-envejecimiento con uvas y zanahoria<\/strong><\/strong><\/strong><\/strong><\/h3>\n\n\n\n<p>La mascarilla facial anti-envejecimiento consta de:<\/p>\n\n\n\n<ul class=\"wp-block-list\"><li>2 cucharadas de pulpa de uva,<\/li><li>1 cucharada de crema agria,<\/li><li>1 cucharada de zumo de zanahoria,<\/li><li>1 cucharada de harina de arroz.<\/li><\/ul>\n\n\n\n<p>En un bol, mezclar todos los ingredientes enumerados anteriormente hasta obtener una masa suave. A continuaci\u00f3n, aplique la mascarilla en rostro y cuello, y espere unos 30 minutos. Finalmente, retire la mascarilla con agua tibia. Este tratamiento de DIY es particularmente \u00fatil para reducir los poros dilatados de la piel y mejorar la elasticidad cut\u00e1nea.<\/p>\n\n\n\n<h3 class=\"wp-block-heading\"><strong><strong><strong>Mascarilla facial hidratante con uvas y miel<\/strong><\/strong><\/strong><\/h3>\n\n\n\n<p>Los ingredientes de esta receta natural son solo<\/p>\n\n\n\n<ul class=\"wp-block-list\"><li>1 cucharada de pulpa de uva<\/li><li>1 cucharada de miel.<\/li><\/ul>\n\n\n\n<p id=\"E240\">La miel tiene propiedades hidratantes y antis\u00e9pticas, por lo que es eficaz no solo para mantener la piel hidratada sino tambi\u00e9n para protegerla de las bacterias que causan el acn\u00e9.<\/p>\n\n\n\n<p id=\"E244\">Mezcle bien los dos ingredientes para crear una mezcla homog\u00e9nea. Despu\u00e9s de eso, apliquela en la cara. D\u00e9jela actuar durante 30 minutos y luego enjuague. El uso regular de esta mascarilla casera es \u00fatil para mejorar la limpieza de la piel y mantenerla hidratada y nutrida durante m\u00e1s tiempo.<\/p>\n\n\n\n<figure class=\"wp-block-image size-large\"><img decoding=\"async\" width=\"1024\" height=\"536\" src=\"https:\/\/ilovefruitandvegfromeurope.com\/wp-content\/uploads\/2021\/10\/1200x628-38-1024x536.png\" alt=\"Uvas y belleza DIY\" class=\"wp-image-9487\" srcset=\"https:\/\/ilovefruitandvegfromeurope.com\/wp-content\/uploads\/2021\/10\/1200x628-38-1024x536.png 1024w, https:\/\/ilovefruitandvegfromeurope.com\/wp-content\/uploads\/2021\/10\/1200x628-38-300x157.png 300w, https:\/\/ilovefruitandvegfromeurope.com\/wp-content\/uploads\/2021\/10\/1200x628-38-768x402.png 768w, https:\/\/ilovefruitandvegfromeurope.com\/wp-content\/uploads\/2021\/10\/1200x628-38.png 1200w\" sizes=\"(max-width: 1024px) 100vw, 1024px\" \/><\/figure>\n\n\n\n<h3 class=\"wp-block-heading\"><strong><strong><strong>Mascarilla facial exfoliante casera con uvas y kiwi<\/strong><\/strong><\/strong><\/h3>\n\n\n\n<p id=\"E254\">El kiwi es una de las fruta m\u00e1s ricas en antioxidantes gracias a su alt\u00edsimo aporte de vitamina C. Adem\u00e1s, las semillas negras de kiwi son \u00fatiles para ejercer como un ligero exfoliante y mejorar la exfoliaci\u00f3n mec\u00e1nica de la piel. Combinar kiwi y uva es una excelente idea para limpiar la piel en profundidad y garantizar una renovaci\u00f3n celular eficaz.<\/p>\n\n\n\n<p id=\"E267\">Los ingredientes de la mascarilla exfoliante casera son:<\/p>\n\n\n\n<ul class=\"wp-block-list\"><li>1 cucharada de pulpa de uva<\/li><li>1 cucharada de pulpa de kiwi maduro, incluidas las semillas negras.<\/li><\/ul>\n\n\n\n<p id=\"E273\">Mezcle bien los dos ingredientes. Si lo desea, puede a\u00f1adir 1 cucharada de yogur blanco natural a esta mezcla para que el tratamiento sea m\u00e1s delicado y nutritivo.<\/p>\n\n\n\n<p id=\"E278\">Aplique la mascarilla en rostro y cuello ejerciendo un suave masaje circular con la yema de los dedos durante unos 5 minutos.<\/p>\n\n\n\n<p id=\"E281\">Deje actuar de 20 a 30 minutos. Enjuague con agua tibia.<\/p>\n\n\n\n<h3 class=\"wp-block-heading\"><strong><strong><strong><strong>Mascarilla facial de desintoxicaci\u00f3n casera con uvas y arcilla ghassoul<\/strong><\/strong><\/strong><\/strong><\/h3>\n\n\n\n<p>Para esta receta son necesarios 4 ingredientes:<\/p>\n\n\n\n<ul class=\"wp-block-list\"><li>4-7 bayas de uva negra<\/li><li>1 cucharada de arcilla ghassoul (o rhassoul)<\/li><li>1 cucharadita de agua de rosas<\/li><li>1 cucharadita de zumo de lim\u00f3n reci\u00e9n exprimido.<\/li><\/ul>\n\n\n\n<p id=\"E299\">Machaque las uvas en un bol hasta conseguir una papilla; a continuaci\u00f3n, a\u00f1ada todos los dem\u00e1s ingredientes enumerados anteriormente y m\u00e9zclelos con las uvas.<\/p>\n\n\n\n<p id=\"E308\">Una vez que obtenga una mezcla homog\u00e9nea, aplique la mascarilla en rostro y cuello.<\/p>\n\n\n\n<p id=\"E311\">Deje actuar de 20 a 30 minutos. Finalmente lave para eliminar el tratamiento.<\/p>\n\n\n\n<p id=\"E322\">La piel estar\u00e1 inmediatamente menos grasa y m\u00e1s radiante.<\/p>\n\n\n\n<p><\/p>\n","protected":false},"excerpt":{"rendered":"<p>El oto\u00f1o es la \u00e9poca de la vendimia, y por lo tanto es el momento de hablar de los frutos con los que se produce el vino: la uva. Las uvas siempre han sido consideradas uno de los frutos simb\u00f3licos de la abundancia y la celebraci\u00f3n. Esta jugosa fruta es uno de los s\u00edmbolos del<\/p>\n","protected":false},"author":1,"featured_media":9513,"comment_status":"open","ping_status":"open","sticky":false,"template":"","format":"standard","meta":{"_acf_changed":false,"footnotes":""},"categories":[19],"tags":[],"class_list":["post-9759","post","type-post","status-publish","format-standard","has-post-thumbnail","hentry","category-news"],"acf":[],"yoast_head":"<!-- This site is optimized with the Yoast SEO plugin v24.1 - https:\/\/yoast.com\/wordpress\/plugins\/seo\/ -->\n<title>Fruta de temporada: \u00a1es temporada de uvas!<\/title>\n<meta name=\"description\" content=\"Fruta de temporada: \u00a1es temporada de uvas! Descubre aqu\u00ed muchas curiosidades y recetas de belleza caseras con el uso de uvas.\" \/>\n<meta name=\"robots\" content=\"index, follow, max-snippet:-1, max-image-preview:large, max-video-preview:-1\" \/>\n<link rel=\"canonical\" href=\"https:\/\/ilovefruitandvegfromeurope.com\/es\/fruta-de-temporada-es-temporada-de-uvas\/\" \/>\n<meta property=\"og:locale\" content=\"es_ES\" \/>\n<meta property=\"og:type\" content=\"article\" \/>\n<meta property=\"og:title\" content=\"Fruta de temporada: \u00a1es temporada de uvas!\" \/>\n<meta property=\"og:description\" content=\"Fruta de temporada: \u00a1es temporada de uvas! Descubre aqu\u00ed muchas curiosidades y recetas de belleza caseras con el uso de uvas.\" \/>\n<meta property=\"og:url\" content=\"https:\/\/ilovefruitandvegfromeurope.com\/es\/fruta-de-temporada-es-temporada-de-uvas\/\" \/>\n<meta property=\"og:site_name\" content=\"I Love Fruit And Veg From Europe\" \/>\n<meta property=\"article:published_time\" content=\"2021-10-30T05:16:26+00:00\" \/>\n<meta property=\"article:modified_time\" content=\"2021-11-03T11:32:28+00:00\" \/>\n<meta property=\"og:image\" content=\"https:\/\/ilovefruitandvegfromeurope.com\/wp-content\/uploads\/2021\/10\/1200x628-36.png\" \/>\n\t<meta property=\"og:image:width\" content=\"1200\" \/>\n\t<meta property=\"og:image:height\" content=\"628\" \/>\n\t<meta property=\"og:image:type\" content=\"image\/png\" \/>\n<meta name=\"author\" content=\"fruitveg\" \/>\n<meta name=\"twitter:card\" content=\"summary_large_image\" \/>\n<meta name=\"twitter:label1\" content=\"Escrito por\" \/>\n\t<meta name=\"twitter:data1\" content=\"fruitveg\" \/>\n\t<meta name=\"twitter:label2\" content=\"Tiempo de lectura\" \/>\n\t<meta name=\"twitter:data2\" content=\"7 minutos\" \/>\n<script type=\"application\/ld+json\" class=\"yoast-schema-graph\">{\"@context\":\"https:\/\/schema.org\",\"@graph\":[{\"@type\":\"Article\",\"@id\":\"https:\/\/ilovefruitandvegfromeurope.com\/es\/fruta-de-temporada-es-temporada-de-uvas\/#article\",\"isPartOf\":{\"@id\":\"https:\/\/ilovefruitandvegfromeurope.com\/es\/fruta-de-temporada-es-temporada-de-uvas\/\"},\"author\":{\"name\":\"fruitveg\",\"@id\":\"https:\/\/ilovefruitandvegfromeurope.com\/es\/#\/schema\/person\/163e69ff574190387c7458958552ffd7\"},\"headline\":\"Fruta de temporada: \u00a1es temporada de uvas!\",\"datePublished\":\"2021-10-30T05:16:26+00:00\",\"dateModified\":\"2021-11-03T11:32:28+00:00\",\"mainEntityOfPage\":{\"@id\":\"https:\/\/ilovefruitandvegfromeurope.com\/es\/fruta-de-temporada-es-temporada-de-uvas\/\"},\"wordCount\":1391,\"commentCount\":0,\"publisher\":{\"@id\":\"https:\/\/ilovefruitandvegfromeurope.com\/es\/#organization\"},\"image\":{\"@id\":\"https:\/\/ilovefruitandvegfromeurope.com\/es\/fruta-de-temporada-es-temporada-de-uvas\/#primaryimage\"},\"thumbnailUrl\":\"https:\/\/ilovefruitandvegfromeurope.com\/wp-content\/uploads\/2021\/10\/1200x628-36.png\",\"articleSection\":[\"News\"],\"inLanguage\":\"es\"},{\"@type\":\"WebPage\",\"@id\":\"https:\/\/ilovefruitandvegfromeurope.com\/es\/fruta-de-temporada-es-temporada-de-uvas\/\",\"url\":\"https:\/\/ilovefruitandvegfromeurope.com\/es\/fruta-de-temporada-es-temporada-de-uvas\/\",\"name\":\"Fruta de temporada: \u00a1es temporada de uvas!\",\"isPartOf\":{\"@id\":\"https:\/\/ilovefruitandvegfromeurope.com\/es\/#website\"},\"primaryImageOfPage\":{\"@id\":\"https:\/\/ilovefruitandvegfromeurope.com\/es\/fruta-de-temporada-es-temporada-de-uvas\/#primaryimage\"},\"image\":{\"@id\":\"https:\/\/ilovefruitandvegfromeurope.com\/es\/fruta-de-temporada-es-temporada-de-uvas\/#primaryimage\"},\"thumbnailUrl\":\"https:\/\/ilovefruitandvegfromeurope.com\/wp-content\/uploads\/2021\/10\/1200x628-36.png\",\"datePublished\":\"2021-10-30T05:16:26+00:00\",\"dateModified\":\"2021-11-03T11:32:28+00:00\",\"description\":\"Fruta de temporada: \u00a1es temporada de uvas! Descubre aqu\u00ed muchas curiosidades y recetas de belleza caseras con el uso de uvas.\",\"breadcrumb\":{\"@id\":\"https:\/\/ilovefruitandvegfromeurope.com\/es\/fruta-de-temporada-es-temporada-de-uvas\/#breadcrumb\"},\"inLanguage\":\"es\",\"potentialAction\":[{\"@type\":\"ReadAction\",\"target\":[\"https:\/\/ilovefruitandvegfromeurope.com\/es\/fruta-de-temporada-es-temporada-de-uvas\/\"]}]},{\"@type\":\"ImageObject\",\"inLanguage\":\"es\",\"@id\":\"https:\/\/ilovefruitandvegfromeurope.com\/es\/fruta-de-temporada-es-temporada-de-uvas\/#primaryimage\",\"url\":\"https:\/\/ilovefruitandvegfromeurope.com\/wp-content\/uploads\/2021\/10\/1200x628-36.png\",\"contentUrl\":\"https:\/\/ilovefruitandvegfromeurope.com\/wp-content\/uploads\/2021\/10\/1200x628-36.png\",\"width\":1200,\"height\":628,\"caption\":\"Frutta di stagione: \u00e8 la stagione dell'uva!\"},{\"@type\":\"BreadcrumbList\",\"@id\":\"https:\/\/ilovefruitandvegfromeurope.com\/es\/fruta-de-temporada-es-temporada-de-uvas\/#breadcrumb\",\"itemListElement\":[{\"@type\":\"ListItem\",\"position\":1,\"name\":\"Home\",\"item\":\"https:\/\/ilovefruitandvegfromeurope.com\/es\/\"},{\"@type\":\"ListItem\",\"position\":2,\"name\":\"Fruta de temporada: \u00a1es temporada de uvas!\"}]},{\"@type\":\"WebSite\",\"@id\":\"https:\/\/ilovefruitandvegfromeurope.com\/es\/#website\",\"url\":\"https:\/\/ilovefruitandvegfromeurope.com\/es\/\",\"name\":\"I Love Fruit And Veg From Europe\",\"description\":\"I Love Fruit And Veg From Europe: I Choose Fresh And Fair\",\"publisher\":{\"@id\":\"https:\/\/ilovefruitandvegfromeurope.com\/es\/#organization\"},\"potentialAction\":[{\"@type\":\"SearchAction\",\"target\":{\"@type\":\"EntryPoint\",\"urlTemplate\":\"https:\/\/ilovefruitandvegfromeurope.com\/es\/?s={search_term_string}\"},\"query-input\":{\"@type\":\"PropertyValueSpecification\",\"valueRequired\":true,\"valueName\":\"search_term_string\"}}],\"inLanguage\":\"es\"},{\"@type\":\"Organization\",\"@id\":\"https:\/\/ilovefruitandvegfromeurope.com\/es\/#organization\",\"name\":\"I Love Fruit And Veg From Europe\",\"url\":\"https:\/\/ilovefruitandvegfromeurope.com\/es\/\",\"logo\":{\"@type\":\"ImageObject\",\"inLanguage\":\"es\",\"@id\":\"https:\/\/ilovefruitandvegfromeurope.com\/es\/#\/schema\/logo\/image\/\",\"url\":\"https:\/\/ilovefruitandvegfromeurope.com\/wp-content\/uploads\/2021\/07\/logo.png\",\"contentUrl\":\"https:\/\/ilovefruitandvegfromeurope.com\/wp-content\/uploads\/2021\/07\/logo.png\",\"width\":248,\"height\":62,\"caption\":\"I Love Fruit And Veg From Europe\"},\"image\":{\"@id\":\"https:\/\/ilovefruitandvegfromeurope.com\/es\/#\/schema\/logo\/image\/\"}},{\"@type\":\"Person\",\"@id\":\"https:\/\/ilovefruitandvegfromeurope.com\/es\/#\/schema\/person\/163e69ff574190387c7458958552ffd7\",\"name\":\"fruitveg\",\"image\":{\"@type\":\"ImageObject\",\"inLanguage\":\"es\",\"@id\":\"https:\/\/ilovefruitandvegfromeurope.com\/es\/#\/schema\/person\/image\/\",\"url\":\"https:\/\/secure.gravatar.com\/avatar\/2b0054ffb041733ca48dc14a3e80a608?s=96&d=mm&r=g\",\"contentUrl\":\"https:\/\/secure.gravatar.com\/avatar\/2b0054ffb041733ca48dc14a3e80a608?s=96&d=mm&r=g\",\"caption\":\"fruitveg\"},\"sameAs\":[\"https:\/\/ilovefruitandvegfromeurope.com\"],\"url\":\"https:\/\/ilovefruitandvegfromeurope.com\/es\/author\/fruitveg\/\"}]}<\/script>\n<!-- \/ Yoast SEO plugin. -->","yoast_head_json":{"title":"Fruta de temporada: \u00a1es temporada de uvas!","description":"Fruta de temporada: \u00a1es temporada de uvas! Descubre aqu\u00ed muchas curiosidades y recetas de belleza caseras con el uso de uvas.","robots":{"index":"index","follow":"follow","max-snippet":"max-snippet:-1","max-image-preview":"max-image-preview:large","max-video-preview":"max-video-preview:-1"},"canonical":"https:\/\/ilovefruitandvegfromeurope.com\/es\/fruta-de-temporada-es-temporada-de-uvas\/","og_locale":"es_ES","og_type":"article","og_title":"Fruta de temporada: \u00a1es temporada de uvas!","og_description":"Fruta de temporada: \u00a1es temporada de uvas! Descubre aqu\u00ed muchas curiosidades y recetas de belleza caseras con el uso de uvas.","og_url":"https:\/\/ilovefruitandvegfromeurope.com\/es\/fruta-de-temporada-es-temporada-de-uvas\/","og_site_name":"I Love Fruit And Veg From Europe","article_published_time":"2021-10-30T05:16:26+00:00","article_modified_time":"2021-11-03T11:32:28+00:00","og_image":[{"width":1200,"height":628,"url":"https:\/\/ilovefruitandvegfromeurope.com\/wp-content\/uploads\/2021\/10\/1200x628-36.png","type":"image\/png"}],"author":"fruitveg","twitter_card":"summary_large_image","twitter_misc":{"Escrito por":"fruitveg","Tiempo de lectura":"7 minutos"},"schema":{"@context":"https:\/\/schema.org","@graph":[{"@type":"Article","@id":"https:\/\/ilovefruitandvegfromeurope.com\/es\/fruta-de-temporada-es-temporada-de-uvas\/#article","isPartOf":{"@id":"https:\/\/ilovefruitandvegfromeurope.com\/es\/fruta-de-temporada-es-temporada-de-uvas\/"},"author":{"name":"fruitveg","@id":"https:\/\/ilovefruitandvegfromeurope.com\/es\/#\/schema\/person\/163e69ff574190387c7458958552ffd7"},"headline":"Fruta de temporada: \u00a1es temporada de uvas!","datePublished":"2021-10-30T05:16:26+00:00","dateModified":"2021-11-03T11:32:28+00:00","mainEntityOfPage":{"@id":"https:\/\/ilovefruitandvegfromeurope.com\/es\/fruta-de-temporada-es-temporada-de-uvas\/"},"wordCount":1391,"commentCount":0,"publisher":{"@id":"https:\/\/ilovefruitandvegfromeurope.com\/es\/#organization"},"image":{"@id":"https:\/\/ilovefruitandvegfromeurope.com\/es\/fruta-de-temporada-es-temporada-de-uvas\/#primaryimage"},"thumbnailUrl":"https:\/\/ilovefruitandvegfromeurope.com\/wp-content\/uploads\/2021\/10\/1200x628-36.png","articleSection":["News"],"inLanguage":"es"},{"@type":"WebPage","@id":"https:\/\/ilovefruitandvegfromeurope.com\/es\/fruta-de-temporada-es-temporada-de-uvas\/","url":"https:\/\/ilovefruitandvegfromeurope.com\/es\/fruta-de-temporada-es-temporada-de-uvas\/","name":"Fruta de temporada: \u00a1es temporada de uvas!","isPartOf":{"@id":"https:\/\/ilovefruitandvegfromeurope.com\/es\/#website"},"primaryImageOfPage":{"@id":"https:\/\/ilovefruitandvegfromeurope.com\/es\/fruta-de-temporada-es-temporada-de-uvas\/#primaryimage"},"image":{"@id":"https:\/\/ilovefruitandvegfromeurope.com\/es\/fruta-de-temporada-es-temporada-de-uvas\/#primaryimage"},"thumbnailUrl":"https:\/\/ilovefruitandvegfromeurope.com\/wp-content\/uploads\/2021\/10\/1200x628-36.png","datePublished":"2021-10-30T05:16:26+00:00","dateModified":"2021-11-03T11:32:28+00:00","description":"Fruta de temporada: \u00a1es temporada de uvas! Descubre aqu\u00ed muchas curiosidades y recetas de belleza caseras con el uso de uvas.","breadcrumb":{"@id":"https:\/\/ilovefruitandvegfromeurope.com\/es\/fruta-de-temporada-es-temporada-de-uvas\/#breadcrumb"},"inLanguage":"es","potentialAction":[{"@type":"ReadAction","target":["https:\/\/ilovefruitandvegfromeurope.com\/es\/fruta-de-temporada-es-temporada-de-uvas\/"]}]},{"@type":"ImageObject","inLanguage":"es","@id":"https:\/\/ilovefruitandvegfromeurope.com\/es\/fruta-de-temporada-es-temporada-de-uvas\/#primaryimage","url":"https:\/\/ilovefruitandvegfromeurope.com\/wp-content\/uploads\/2021\/10\/1200x628-36.png","contentUrl":"https:\/\/ilovefruitandvegfromeurope.com\/wp-content\/uploads\/2021\/10\/1200x628-36.png","width":1200,"height":628,"caption":"Frutta di stagione: \u00e8 la stagione dell'uva!"},{"@type":"BreadcrumbList","@id":"https:\/\/ilovefruitandvegfromeurope.com\/es\/fruta-de-temporada-es-temporada-de-uvas\/#breadcrumb","itemListElement":[{"@type":"ListItem","position":1,"name":"Home","item":"https:\/\/ilovefruitandvegfromeurope.com\/es\/"},{"@type":"ListItem","position":2,"name":"Fruta de temporada: \u00a1es temporada de uvas!"}]},{"@type":"WebSite","@id":"https:\/\/ilovefruitandvegfromeurope.com\/es\/#website","url":"https:\/\/ilovefruitandvegfromeurope.com\/es\/","name":"I Love Fruit And Veg From Europe","description":"I Love Fruit And Veg From Europe: I Choose Fresh And Fair","publisher":{"@id":"https:\/\/ilovefruitandvegfromeurope.com\/es\/#organization"},"potentialAction":[{"@type":"SearchAction","target":{"@type":"EntryPoint","urlTemplate":"https:\/\/ilovefruitandvegfromeurope.com\/es\/?s={search_term_string}"},"query-input":{"@type":"PropertyValueSpecification","valueRequired":true,"valueName":"search_term_string"}}],"inLanguage":"es"},{"@type":"Organization","@id":"https:\/\/ilovefruitandvegfromeurope.com\/es\/#organization","name":"I Love Fruit And Veg From Europe","url":"https:\/\/ilovefruitandvegfromeurope.com\/es\/","logo":{"@type":"ImageObject","inLanguage":"es","@id":"https:\/\/ilovefruitandvegfromeurope.com\/es\/#\/schema\/logo\/image\/","url":"https:\/\/ilovefruitandvegfromeurope.com\/wp-content\/uploads\/2021\/07\/logo.png","contentUrl":"https:\/\/ilovefruitandvegfromeurope.com\/wp-content\/uploads\/2021\/07\/logo.png","width":248,"height":62,"caption":"I Love Fruit And Veg From Europe"},"image":{"@id":"https:\/\/ilovefruitandvegfromeurope.com\/es\/#\/schema\/logo\/image\/"}},{"@type":"Person","@id":"https:\/\/ilovefruitandvegfromeurope.com\/es\/#\/schema\/person\/163e69ff574190387c7458958552ffd7","name":"fruitveg","image":{"@type":"ImageObject","inLanguage":"es","@id":"https:\/\/ilovefruitandvegfromeurope.com\/es\/#\/schema\/person\/image\/","url":"https:\/\/secure.gravatar.com\/avatar\/2b0054ffb041733ca48dc14a3e80a608?s=96&d=mm&r=g","contentUrl":"https:\/\/secure.gravatar.com\/avatar\/2b0054ffb041733ca48dc14a3e80a608?s=96&d=mm&r=g","caption":"fruitveg"},"sameAs":["https:\/\/ilovefruitandvegfromeurope.com"],"url":"https:\/\/ilovefruitandvegfromeurope.com\/es\/author\/fruitveg\/"}]}},"_links":{"self":[{"href":"https:\/\/ilovefruitandvegfromeurope.com\/es\/wp-json\/wp\/v2\/posts\/9759","targetHints":{"allow":["GET"]}}],"collection":[{"href":"https:\/\/ilovefruitandvegfromeurope.com\/es\/wp-json\/wp\/v2\/posts"}],"about":[{"href":"https:\/\/ilovefruitandvegfromeurope.com\/es\/wp-json\/wp\/v2\/types\/post"}],"author":[{"embeddable":true,"href":"https:\/\/ilovefruitandvegfromeurope.com\/es\/wp-json\/wp\/v2\/users\/1"}],"replies":[{"embeddable":true,"href":"https:\/\/ilovefruitandvegfromeurope.com\/es\/wp-json\/wp\/v2\/comments?post=9759"}],"version-history":[{"count":1,"href":"https:\/\/ilovefruitandvegfromeurope.com\/es\/wp-json\/wp\/v2\/posts\/9759\/revisions"}],"predecessor-version":[{"id":9761,"href":"https:\/\/ilovefruitandvegfromeurope.com\/es\/wp-json\/wp\/v2\/posts\/9759\/revisions\/9761"}],"wp:featuredmedia":[{"embeddable":true,"href":"https:\/\/ilovefruitandvegfromeurope.com\/es\/wp-json\/wp\/v2\/media\/9513"}],"wp:attachment":[{"href":"https:\/\/ilovefruitandvegfromeurope.com\/es\/wp-json\/wp\/v2\/media?parent=9759"}],"wp:term":[{"taxonomy":"category","embeddable":true,"href":"https:\/\/ilovefruitandvegfromeurope.com\/es\/wp-json\/wp\/v2\/categories?post=9759"},{"taxonomy":"post_tag","embeddable":true,"href":"https:\/\/ilovefruitandvegfromeurope.com\/es\/wp-json\/wp\/v2\/tags?post=9759"}],"curies":[{"name":"wp","href":"https:\/\/api.w.org\/{rel}","templated":true}]}}