
{"id":27788,"date":"2023-09-23T11:41:17","date_gmt":"2023-09-23T09:41:17","guid":{"rendered":"https:\/\/ilovefruitandvegfromeurope.com\/selezione-di-ricette-di-frutta-e-verdura-fresche-dellue\/"},"modified":"2023-10-06T11:25:03","modified_gmt":"2023-10-06T09:25:03","slug":"utvalg-av-eu-oppskrifter-med-frukt-og-gronnsaker","status":"publish","type":"post","link":"https:\/\/ilovefruitandvegfromeurope.com\/no\/utvalg-av-eu-oppskrifter-med-frukt-og-gronnsaker\/","title":{"rendered":"Utvalg av EU-oppskrifter med frukt og gr\u00f8nnsaker"},"content":{"rendered":"\n<h2 class=\"wp-block-heading\"><strong>Utvalg av EU-oppskrifter med frukt og gr\u00f8nnsaker<\/strong><\/h2>\n\n\n\n<p>Frukt og gr\u00f8nnsaker er viktige matvarer for et sunt og balansert kosthold.<\/p>\n\n\n\n<p>De er rike p\u00e5 vitaminer, mineraler og fiber, og kan bidra til \u00e5 forbedre forbrukernes fysiske velv\u00e6re.<\/p>\n\n\n\n<p>EU er en viktig produsent av frukt og gr\u00f8nnsaker.<\/p>\n\n\n\n<p>De europeiske landene, og Italia spesielt, produserer et bredt utvalg av produkter, inkludert epler, tomater og poteter og mange andre.<\/p>\n\n\n\n<p>Denne utvalget av oppskrifter med fersk frukt og gr\u00f8nnsaker fra EU er en enkel og smakfull m\u00e5te \u00e5 \u00f8ke forbruket av disse sunne matvarene p\u00e5.<\/p>\n\n\n\n<p>Oppskriftene er valgt for deres variasjon og enkelhet, og de er egnet for alle niv\u00e5er av kulinariske ferdigheter:<\/p>\n\n\n\n<div class=\"wp-block-columns is-layout-flex wp-container-core-columns-is-layout-1 wp-block-columns-is-layout-flex\">\n<div class=\"wp-block-column is-layout-flow wp-block-column-is-layout-flow\">\n<figure class=\"wp-block-image size-full\"><img decoding=\"async\" width=\"2560\" height=\"1707\" src=\"https:\/\/ilovefruitandvegfromeurope.com\/wp-content\/uploads\/2021\/09\/Renverse-di-pesche-2-scaled.jpg\" alt=\"Renverse di pesche\" class=\"wp-image-3423\" srcset=\"https:\/\/ilovefruitandvegfromeurope.com\/wp-content\/uploads\/2021\/09\/Renverse-di-pesche-2-scaled.jpg 2560w, https:\/\/ilovefruitandvegfromeurope.com\/wp-content\/uploads\/2021\/09\/Renverse-di-pesche-2-300x200.jpg 300w, https:\/\/ilovefruitandvegfromeurope.com\/wp-content\/uploads\/2021\/09\/Renverse-di-pesche-2-1024x683.jpg 1024w, https:\/\/ilovefruitandvegfromeurope.com\/wp-content\/uploads\/2021\/09\/Renverse-di-pesche-2-768x512.jpg 768w, https:\/\/ilovefruitandvegfromeurope.com\/wp-content\/uploads\/2021\/09\/Renverse-di-pesche-2-1536x1024.jpg 1536w, https:\/\/ilovefruitandvegfromeurope.com\/wp-content\/uploads\/2021\/09\/Renverse-di-pesche-2-2048x1365.jpg 2048w\" sizes=\"(max-width: 2560px) 100vw, 2560px\" \/><\/figure>\n\n\n\n<h5 class=\"wp-block-heading has-small-font-size\">FERSKEN TARTE TATIN<\/h5>\n\n\n\n<p class=\"has-small-font-size\">Du vil aldri bli lei av denne klassiske franske retten. En tarte tatin som hele familien vil elske. Den&#8230;<a href=\"https:\/\/ilovefruitandvegfromeurope.com\/no\/oppskrifter\/fersken-tarte-tatin\/\" target=\"_blank\" rel=\"noreferrer noopener\">fortsette \u00e5 lese.<\/a><\/p>\n<\/div>\n\n\n\n<div class=\"wp-block-column is-layout-flow wp-block-column-is-layout-flow\">\n<figure class=\"wp-block-image size-full\"><img decoding=\"async\" width=\"2560\" height=\"1707\" src=\"https:\/\/ilovefruitandvegfromeurope.com\/wp-content\/uploads\/2021\/09\/Torta-al-basilico-1-scaled.jpg\" alt=\"torta al basilico\" class=\"wp-image-3239\" srcset=\"https:\/\/ilovefruitandvegfromeurope.com\/wp-content\/uploads\/2021\/09\/Torta-al-basilico-1-scaled.jpg 2560w, https:\/\/ilovefruitandvegfromeurope.com\/wp-content\/uploads\/2021\/09\/Torta-al-basilico-1-300x200.jpg 300w, https:\/\/ilovefruitandvegfromeurope.com\/wp-content\/uploads\/2021\/09\/Torta-al-basilico-1-1024x683.jpg 1024w, https:\/\/ilovefruitandvegfromeurope.com\/wp-content\/uploads\/2021\/09\/Torta-al-basilico-1-768x512.jpg 768w, https:\/\/ilovefruitandvegfromeurope.com\/wp-content\/uploads\/2021\/09\/Torta-al-basilico-1-1536x1024.jpg 1536w, https:\/\/ilovefruitandvegfromeurope.com\/wp-content\/uploads\/2021\/09\/Torta-al-basilico-1-2048x1365.jpg 2048w\" sizes=\"(max-width: 2560px) 100vw, 2560px\" \/><\/figure>\n\n\n\n<h5 class=\"wp-block-heading has-small-font-size\">BASILSILIKUMKAKE<\/h5>\n\n\n\n<p class=\"has-small-font-size\">Basilikumkake er myk, lett og med en delikat aroma. Den er perfekt til frokost eller te. Du kan servere&#8230;<a href=\"https:\/\/ilovefruitandvegfromeurope.com\/no\/oppskrifter\/basilsilikumkake\/\" target=\"_blank\" rel=\"noreferrer noopener\">fortsette \u00e5 lese.<\/a><\/p>\n<\/div>\n<\/div>\n\n\n\n<div class=\"wp-block-columns has-small-font-size is-layout-flex wp-container-core-columns-is-layout-2 wp-block-columns-is-layout-flex\">\n<div class=\"wp-block-column is-layout-flow wp-block-column-is-layout-flow\">\n<figure class=\"wp-block-image size-full\"><img decoding=\"async\" width=\"1200\" height=\"670\" src=\"https:\/\/ilovefruitandvegfromeurope.com\/wp-content\/uploads\/2021\/07\/My-Post-60.png\" alt=\"SANDWICH DI ANGURIA GRIGLIATA E FETA\" class=\"wp-image-1916\" srcset=\"https:\/\/ilovefruitandvegfromeurope.com\/wp-content\/uploads\/2021\/07\/My-Post-60.png 1200w, https:\/\/ilovefruitandvegfromeurope.com\/wp-content\/uploads\/2021\/07\/My-Post-60-300x168.png 300w, https:\/\/ilovefruitandvegfromeurope.com\/wp-content\/uploads\/2021\/07\/My-Post-60-1024x572.png 1024w, https:\/\/ilovefruitandvegfromeurope.com\/wp-content\/uploads\/2021\/07\/My-Post-60-768x429.png 768w\" sizes=\"(max-width: 1200px) 100vw, 1200px\" \/><\/figure>\n\n\n\n<h5 class=\"wp-block-heading has-small-font-size\">GRILLET VANNMELON OG FETA-SANDWICH \u2013<\/h5>\n\n\n\n<p class=\"has-small-font-size\">En deilig og fargerik forrett, etter lett m\u00e5ltid, som passer perfekt p\u00e5 terrassen p\u00e5 varme sommerkvelder&#8230;<a href=\"https:\/\/ilovefruitandvegfromeurope.com\/no\/oppskrifter\/grillet-vannmelon-og-feta-sandwich\/\" target=\"_blank\" rel=\"noreferrer noopener\">fortsett<\/a><a href=\"https:\/\/ilovefruitandvegfromeurope.com\/no\/oppskrifter\/basilsilikumkake\/\" target=\"_blank\" rel=\"noreferrer noopener\">e \u00e5 lese.<\/a><\/p>\n<\/div>\n\n\n\n<div class=\"wp-block-column is-layout-flow wp-block-column-is-layout-flow\">\n<figure class=\"wp-block-image size-full\"><img decoding=\"async\" width=\"1200\" height=\"670\" src=\"https:\/\/ilovefruitandvegfromeurope.com\/wp-content\/uploads\/2021\/07\/My-Post-68.png\" alt=\"POLPETTINE DI CECI CON INSALATA LOLLO VERDE\" class=\"wp-image-1968\" srcset=\"https:\/\/ilovefruitandvegfromeurope.com\/wp-content\/uploads\/2021\/07\/My-Post-68.png 1200w, https:\/\/ilovefruitandvegfromeurope.com\/wp-content\/uploads\/2021\/07\/My-Post-68-300x168.png 300w, https:\/\/ilovefruitandvegfromeurope.com\/wp-content\/uploads\/2021\/07\/My-Post-68-1024x572.png 1024w, https:\/\/ilovefruitandvegfromeurope.com\/wp-content\/uploads\/2021\/07\/My-Post-68-768x429.png 768w\" sizes=\"(max-width: 1200px) 100vw, 1200px\" \/><\/figure>\n\n\n\n<h5 class=\"wp-block-heading has-small-font-size\">KIKERTBOLLER MED LOLLO VERDE-SALAT<\/h5>\n\n\n\n<p class=\"has-small-font-size\">En lett og enkel rett fylt til randen med sunne n\u00e6ringsstoffer. Retten funker perfekt som en forrett eller en&#8230;<a href=\"https:\/\/ilovefruitandvegfromeurope.com\/no\/oppskrifter\/kikertboller-med-lollo-verde-salat\/\" target=\"_blank\" rel=\"noreferrer noopener\">fortsette \u00e5 lese.<\/a><\/p>\n<\/div>\n<\/div>\n\n\n\n<div class=\"wp-block-columns is-layout-flex wp-container-core-columns-is-layout-3 wp-block-columns-is-layout-flex\">\n<div class=\"wp-block-column is-layout-flow wp-block-column-is-layout-flow\">\n<figure class=\"wp-block-image size-full\"><img decoding=\"async\" width=\"2560\" height=\"1707\" src=\"https:\/\/ilovefruitandvegfromeurope.com\/wp-content\/uploads\/2021\/07\/Sartu\u0300-vegetariano-al-ragu\u0300-di-piselli-1-scaled.jpg\" alt=\"Sartu\u0300 vegetariano al ragu\u0300 di piselli (1)\" class=\"wp-image-2991\" srcset=\"https:\/\/ilovefruitandvegfromeurope.com\/wp-content\/uploads\/2021\/07\/Sartu\u0300-vegetariano-al-ragu\u0300-di-piselli-1-scaled.jpg 2560w, https:\/\/ilovefruitandvegfromeurope.com\/wp-content\/uploads\/2021\/07\/Sartu\u0300-vegetariano-al-ragu\u0300-di-piselli-1-300x200.jpg 300w, https:\/\/ilovefruitandvegfromeurope.com\/wp-content\/uploads\/2021\/07\/Sartu\u0300-vegetariano-al-ragu\u0300-di-piselli-1-1024x683.jpg 1024w, https:\/\/ilovefruitandvegfromeurope.com\/wp-content\/uploads\/2021\/07\/Sartu\u0300-vegetariano-al-ragu\u0300-di-piselli-1-768x512.jpg 768w, https:\/\/ilovefruitandvegfromeurope.com\/wp-content\/uploads\/2021\/07\/Sartu\u0300-vegetariano-al-ragu\u0300-di-piselli-1-1536x1024.jpg 1536w, https:\/\/ilovefruitandvegfromeurope.com\/wp-content\/uploads\/2021\/07\/Sartu\u0300-vegetariano-al-ragu\u0300-di-piselli-1-2048x1365.jpg 2048w\" sizes=\"(max-width: 2560px) 100vw, 2560px\" \/><\/figure>\n\n\n\n<h5 class=\"wp-block-heading has-small-font-size\">VEGETAR SARTU MED ERTERAGU<\/h5>\n\n\n\n<p class=\"has-small-font-size\">En deilig risrett fra Italia med erter. En perfekt oppskrift for en familielunsj eller middag med venner&#8230;<a href=\"https:\/\/ilovefruitandvegfromeurope.com\/no\/oppskrifter\/vegetar-sartu-med-erteragu\/\" target=\"_blank\" rel=\"noreferrer noopener\">f<\/a><a href=\"https:\/\/ilovefruitandvegfromeurope.com\/no\/oppskrifter\/kikertboller-med-lollo-verde-salat\/\" target=\"_blank\" rel=\"noreferrer noopener\">ortsette \u00e5 lese.<\/a><\/p>\n<\/div>\n\n\n\n<div class=\"wp-block-column is-layout-flow wp-block-column-is-layout-flow\">\n<figure class=\"wp-block-image size-full\"><img decoding=\"async\" width=\"2560\" height=\"1707\" src=\"https:\/\/ilovefruitandvegfromeurope.com\/wp-content\/uploads\/2021\/07\/Insalata-di-lenticchie-pomodori-e-cipollotto-fresco-dop-scaled.jpg\" alt=\"Insalata di lenticchie, pomodori e cipollotto fresco dop\" class=\"wp-image-2967\" srcset=\"https:\/\/ilovefruitandvegfromeurope.com\/wp-content\/uploads\/2021\/07\/Insalata-di-lenticchie-pomodori-e-cipollotto-fresco-dop-scaled.jpg 2560w, https:\/\/ilovefruitandvegfromeurope.com\/wp-content\/uploads\/2021\/07\/Insalata-di-lenticchie-pomodori-e-cipollotto-fresco-dop-300x200.jpg 300w, https:\/\/ilovefruitandvegfromeurope.com\/wp-content\/uploads\/2021\/07\/Insalata-di-lenticchie-pomodori-e-cipollotto-fresco-dop-1024x683.jpg 1024w, https:\/\/ilovefruitandvegfromeurope.com\/wp-content\/uploads\/2021\/07\/Insalata-di-lenticchie-pomodori-e-cipollotto-fresco-dop-768x512.jpg 768w, https:\/\/ilovefruitandvegfromeurope.com\/wp-content\/uploads\/2021\/07\/Insalata-di-lenticchie-pomodori-e-cipollotto-fresco-dop-1536x1024.jpg 1536w, https:\/\/ilovefruitandvegfromeurope.com\/wp-content\/uploads\/2021\/07\/Insalata-di-lenticchie-pomodori-e-cipollotto-fresco-dop-2048x1365.jpg 2048w\" sizes=\"(max-width: 2560px) 100vw, 2560px\" \/><\/figure>\n\n\n\n<h5 class=\"wp-block-heading has-small-font-size\">SALAT MED LINSER, TOMAT OG FRISK V\u00c5RL\u00d8K<\/h5>\n\n\n\n<p class=\"has-small-font-size\">Denne salaten er en fersk rett som kan serveres enten som tilbeh\u00f8r eller som et m\u00e5ltid, for eksempel servert&#8230;<a href=\"https:\/\/ilovefruitandvegfromeurope.com\/no\/oppskrifter\/salat-med-linser-tomat-og-frisk-varlok\/\" target=\"_blank\" rel=\"noreferrer noopener\">fortsette \u00e5 lese.<\/a><\/p>\n<\/div>\n<\/div>\n\n\n\n<div class=\"wp-block-columns is-layout-flex wp-container-core-columns-is-layout-4 wp-block-columns-is-layout-flex\">\n<div class=\"wp-block-column is-layout-flow wp-block-column-is-layout-flow\">\n<figure class=\"wp-block-image size-full\"><img decoding=\"async\" width=\"1005\" height=\"670\" src=\"https:\/\/ilovefruitandvegfromeurope.com\/wp-content\/uploads\/2021\/07\/involtini-di-verza-con-arancia-22.jpg\" alt=\"INVOLTINI DI VERZA CON ARANCIA\" class=\"wp-image-2094\" style=\"object-fit:cover\" srcset=\"https:\/\/ilovefruitandvegfromeurope.com\/wp-content\/uploads\/2021\/07\/involtini-di-verza-con-arancia-22.jpg 1005w, https:\/\/ilovefruitandvegfromeurope.com\/wp-content\/uploads\/2021\/07\/involtini-di-verza-con-arancia-22-300x200.jpg 300w, https:\/\/ilovefruitandvegfromeurope.com\/wp-content\/uploads\/2021\/07\/involtini-di-verza-con-arancia-22-768x512.jpg 768w\" sizes=\"(max-width: 1005px) 100vw, 1005px\" \/><\/figure>\n\n\n\n<h5 class=\"wp-block-heading has-small-font-size\">K\u00c5LRULADER MED APPELSIN<\/h5>\n\n\n\n<p class=\"has-small-font-size\">Appelsinen tilf\u00f8rer disse k\u00e5lruladene det lille ekstra, samtidig som det f\u00e5r kj\u00f8kkenet ditt til \u00e5 lukte deilig av sitrus!&#8230;<a href=\"https:\/\/ilovefruitandvegfromeurope.com\/no\/oppskrifter\/kalrulader-med-appelsin\/\" target=\"_blank\" rel=\"noreferrer noopener\">fortsette \u00e5 lese<\/a><a href=\"https:\/\/ilovefruitandvegfromeurope.com\/no\/oppskrifter\/salat-med-linser-tomat-og-frisk-varlok\/\" target=\"_blank\" rel=\"noreferrer noopener\">.<\/a><\/p>\n<\/div>\n\n\n\n<div class=\"wp-block-column is-layout-flow wp-block-column-is-layout-flow\">\n<figure class=\"wp-block-image size-full\"><img decoding=\"async\" width=\"2560\" height=\"1707\" src=\"https:\/\/ilovefruitandvegfromeurope.com\/wp-content\/uploads\/2021\/07\/Vellutata-di-lattuga-e-patate-con-erbette-scaled.jpg\" alt=\"VELLUTATA DI LATTUGA E PATATE CON ERBETTE\" class=\"wp-image-2881\" srcset=\"https:\/\/ilovefruitandvegfromeurope.com\/wp-content\/uploads\/2021\/07\/Vellutata-di-lattuga-e-patate-con-erbette-scaled.jpg 2560w, https:\/\/ilovefruitandvegfromeurope.com\/wp-content\/uploads\/2021\/07\/Vellutata-di-lattuga-e-patate-con-erbette-300x200.jpg 300w, https:\/\/ilovefruitandvegfromeurope.com\/wp-content\/uploads\/2021\/07\/Vellutata-di-lattuga-e-patate-con-erbette-1024x683.jpg 1024w, https:\/\/ilovefruitandvegfromeurope.com\/wp-content\/uploads\/2021\/07\/Vellutata-di-lattuga-e-patate-con-erbette-768x512.jpg 768w, https:\/\/ilovefruitandvegfromeurope.com\/wp-content\/uploads\/2021\/07\/Vellutata-di-lattuga-e-patate-con-erbette-1536x1024.jpg 1536w, https:\/\/ilovefruitandvegfromeurope.com\/wp-content\/uploads\/2021\/07\/Vellutata-di-lattuga-e-patate-con-erbette-2048x1365.jpg 2048w\" sizes=\"(max-width: 2560px) 100vw, 2560px\" \/><\/figure>\n\n\n\n<h5 class=\"wp-block-heading has-small-font-size\">KREMETE POTETSUPPE MED URTER<\/h5>\n\n\n\n<p class=\"has-small-font-size\">I denne vegetarsuppen mikses den friske smaken av salaten med den kremete teksturen til poteten. Har du aldri smakt&#8230;<a href=\"https:\/\/ilovefruitandvegfromeurope.com\/no\/oppskrifter\/kremete-potetsuppe-med-urter\/\" target=\"_blank\" rel=\"noreferrer noopener\">fortsette \u00e5 lese.<\/a><\/p>\n<\/div>\n<\/div>\n\n\n\n<div class=\"wp-block-columns is-layout-flex wp-container-core-columns-is-layout-5 wp-block-columns-is-layout-flex\">\n<div class=\"wp-block-column is-layout-flow wp-block-column-is-layout-flow\">\n<figure class=\"wp-block-image size-large\"><img decoding=\"async\" width=\"1024\" height=\"683\" src=\"https:\/\/ilovefruitandvegfromeurope.com\/wp-content\/uploads\/2021\/09\/Torta-alle-pesche-di-Leonforte-1-1024x683.jpg\" alt=\"Torta alle pesche di Leonforte\" class=\"wp-image-3383\" srcset=\"https:\/\/ilovefruitandvegfromeurope.com\/wp-content\/uploads\/2021\/09\/Torta-alle-pesche-di-Leonforte-1-1024x683.jpg 1024w, https:\/\/ilovefruitandvegfromeurope.com\/wp-content\/uploads\/2021\/09\/Torta-alle-pesche-di-Leonforte-1-300x200.jpg 300w, https:\/\/ilovefruitandvegfromeurope.com\/wp-content\/uploads\/2021\/09\/Torta-alle-pesche-di-Leonforte-1-768x512.jpg 768w, https:\/\/ilovefruitandvegfromeurope.com\/wp-content\/uploads\/2021\/09\/Torta-alle-pesche-di-Leonforte-1-1536x1024.jpg 1536w, https:\/\/ilovefruitandvegfromeurope.com\/wp-content\/uploads\/2021\/09\/Torta-alle-pesche-di-Leonforte-1-2048x1365.jpg 2048w\" sizes=\"(max-width: 1024px) 100vw, 1024px\" \/><\/figure>\n\n\n\n<h5 class=\"wp-block-heading has-small-font-size\">SELLERI OG PROVOLA RISOTTO<\/h5>\n\n\n\n<p class=\"has-small-font-size\">Sellerirot som er den smakfulle roten til selleriplanten, er en veldig allsidig gr\u00f8nnsak. Pr\u00f8v det i denne deilige risottoen&#8230;.<a href=\"https:\/\/ilovefruitandvegfromeurope.com\/no\/oppskrifter\/selleri-og-provola-risotto\/\" target=\"_blank\" rel=\"noreferrer noopener\">fortsette \u00e5 lese<\/a><a href=\"https:\/\/ilovefruitandvegfromeurope.com\/no\/oppskrifter\/salat-med-linser-tomat-og-frisk-varlok\/\" target=\"_blank\" rel=\"noreferrer noopener\">.<\/a><\/p>\n<\/div>\n\n\n\n<div class=\"wp-block-column is-layout-flow wp-block-column-is-layout-flow\"><\/div>\n<\/div>\n\n\n\n<p>Med litt oppmerksomhet er det lett \u00e5 \u00f8ke forbruket av frukt og gr\u00f8nnsaker og forbedre helsen din og tjene p\u00e5 smak.<\/p>\n","protected":false},"excerpt":{"rendered":"<p>Utvalg av EU-oppskrifter med frukt og gr\u00f8nnsaker Frukt og gr\u00f8nnsaker er viktige matvarer for et sunt og balansert kosthold. De er rike p\u00e5 vitaminer, mineraler og fiber, og kan bidra til \u00e5 forbedre forbrukernes fysiske velv\u00e6re. EU er en viktig produsent av frukt og gr\u00f8nnsaker. De europeiske landene, og Italia spesielt, produserer et bredt utvalg<\/p>\n","protected":false},"author":1,"featured_media":27695,"comment_status":"open","ping_status":"open","sticky":false,"template":"","format":"standard","meta":{"_acf_changed":false,"footnotes":""},"categories":[20],"tags":[],"class_list":["post-27788","post","type-post","status-publish","format-standard","has-post-thumbnail","hentry","category-news"],"acf":[],"yoast_head":"<!-- This site is optimized with the Yoast SEO plugin v24.1 - https:\/\/yoast.com\/wordpress\/plugins\/seo\/ -->\n<title>Utvalg av EU-oppskrifter med frukt og gr\u00f8nnsaker<\/title>\n<meta name=\"description\" content=\"Et utvalg av ferske frukt- og gr\u00f8nnsaksoppskrifter fra EU. Skjem deg bort med disse deilige oppskriftene.\" \/>\n<meta name=\"robots\" content=\"index, follow, max-snippet:-1, max-image-preview:large, max-video-preview:-1\" \/>\n<link rel=\"canonical\" href=\"https:\/\/ilovefruitandvegfromeurope.com\/no\/utvalg-av-eu-oppskrifter-med-frukt-og-gronnsaker\/\" \/>\n<meta property=\"og:locale\" content=\"nb_NO\" \/>\n<meta property=\"og:type\" content=\"article\" \/>\n<meta property=\"og:title\" content=\"Utvalg av EU-oppskrifter med frukt og gr\u00f8nnsaker\" \/>\n<meta property=\"og:description\" content=\"Et utvalg av ferske frukt- og gr\u00f8nnsaksoppskrifter fra EU. Skjem deg bort med disse deilige oppskriftene.\" \/>\n<meta property=\"og:url\" content=\"https:\/\/ilovefruitandvegfromeurope.com\/no\/utvalg-av-eu-oppskrifter-med-frukt-og-gronnsaker\/\" \/>\n<meta property=\"og:site_name\" content=\"I Love Fruit And Veg From Europe\" \/>\n<meta property=\"article:published_time\" content=\"2023-09-23T09:41:17+00:00\" \/>\n<meta property=\"article:modified_time\" content=\"2023-10-06T09:25:03+00:00\" \/>\n<meta property=\"og:image\" content=\"https:\/\/ilovefruitandvegfromeurope.com\/wp-content\/uploads\/2023\/10\/1200x628-42.png\" \/>\n\t<meta property=\"og:image:width\" content=\"1200\" \/>\n\t<meta property=\"og:image:height\" content=\"628\" \/>\n\t<meta property=\"og:image:type\" content=\"image\/png\" \/>\n<meta name=\"author\" content=\"fruitveg\" \/>\n<meta name=\"twitter:card\" content=\"summary_large_image\" \/>\n<meta name=\"twitter:label1\" content=\"Skrevet av\" \/>\n\t<meta name=\"twitter:data1\" content=\"fruitveg\" \/>\n\t<meta name=\"twitter:label2\" content=\"Ansl. lesetid\" \/>\n\t<meta name=\"twitter:data2\" content=\"2 minutter\" \/>\n<script type=\"application\/ld+json\" class=\"yoast-schema-graph\">{\"@context\":\"https:\/\/schema.org\",\"@graph\":[{\"@type\":\"Article\",\"@id\":\"https:\/\/ilovefruitandvegfromeurope.com\/no\/utvalg-av-eu-oppskrifter-med-frukt-og-gronnsaker\/#article\",\"isPartOf\":{\"@id\":\"https:\/\/ilovefruitandvegfromeurope.com\/no\/utvalg-av-eu-oppskrifter-med-frukt-og-gronnsaker\/\"},\"author\":{\"name\":\"fruitveg\",\"@id\":\"https:\/\/ilovefruitandvegfromeurope.com\/no\/#\/schema\/person\/163e69ff574190387c7458958552ffd7\"},\"headline\":\"Utvalg av EU-oppskrifter med frukt og gr\u00f8nnsaker\",\"datePublished\":\"2023-09-23T09:41:17+00:00\",\"dateModified\":\"2023-10-06T09:25:03+00:00\",\"mainEntityOfPage\":{\"@id\":\"https:\/\/ilovefruitandvegfromeurope.com\/no\/utvalg-av-eu-oppskrifter-med-frukt-og-gronnsaker\/\"},\"wordCount\":374,\"commentCount\":0,\"publisher\":{\"@id\":\"https:\/\/ilovefruitandvegfromeurope.com\/no\/#organization\"},\"image\":{\"@id\":\"https:\/\/ilovefruitandvegfromeurope.com\/no\/utvalg-av-eu-oppskrifter-med-frukt-og-gronnsaker\/#primaryimage\"},\"thumbnailUrl\":\"https:\/\/ilovefruitandvegfromeurope.com\/wp-content\/uploads\/2023\/10\/1200x628-42.png\",\"articleSection\":[\"News\"],\"inLanguage\":\"nb-NO\"},{\"@type\":\"WebPage\",\"@id\":\"https:\/\/ilovefruitandvegfromeurope.com\/no\/utvalg-av-eu-oppskrifter-med-frukt-og-gronnsaker\/\",\"url\":\"https:\/\/ilovefruitandvegfromeurope.com\/no\/utvalg-av-eu-oppskrifter-med-frukt-og-gronnsaker\/\",\"name\":\"Utvalg av EU-oppskrifter med frukt og gr\u00f8nnsaker\",\"isPartOf\":{\"@id\":\"https:\/\/ilovefruitandvegfromeurope.com\/no\/#website\"},\"primaryImageOfPage\":{\"@id\":\"https:\/\/ilovefruitandvegfromeurope.com\/no\/utvalg-av-eu-oppskrifter-med-frukt-og-gronnsaker\/#primaryimage\"},\"image\":{\"@id\":\"https:\/\/ilovefruitandvegfromeurope.com\/no\/utvalg-av-eu-oppskrifter-med-frukt-og-gronnsaker\/#primaryimage\"},\"thumbnailUrl\":\"https:\/\/ilovefruitandvegfromeurope.com\/wp-content\/uploads\/2023\/10\/1200x628-42.png\",\"datePublished\":\"2023-09-23T09:41:17+00:00\",\"dateModified\":\"2023-10-06T09:25:03+00:00\",\"description\":\"Et utvalg av ferske frukt- og gr\u00f8nnsaksoppskrifter fra EU. Skjem deg bort med disse deilige oppskriftene.\",\"breadcrumb\":{\"@id\":\"https:\/\/ilovefruitandvegfromeurope.com\/no\/utvalg-av-eu-oppskrifter-med-frukt-og-gronnsaker\/#breadcrumb\"},\"inLanguage\":\"nb-NO\",\"potentialAction\":[{\"@type\":\"ReadAction\",\"target\":[\"https:\/\/ilovefruitandvegfromeurope.com\/no\/utvalg-av-eu-oppskrifter-med-frukt-og-gronnsaker\/\"]}]},{\"@type\":\"ImageObject\",\"inLanguage\":\"nb-NO\",\"@id\":\"https:\/\/ilovefruitandvegfromeurope.com\/no\/utvalg-av-eu-oppskrifter-med-frukt-og-gronnsaker\/#primaryimage\",\"url\":\"https:\/\/ilovefruitandvegfromeurope.com\/wp-content\/uploads\/2023\/10\/1200x628-42.png\",\"contentUrl\":\"https:\/\/ilovefruitandvegfromeurope.com\/wp-content\/uploads\/2023\/10\/1200x628-42.png\",\"width\":1200,\"height\":628,\"caption\":\"La Migliore Frutta Fresca dell\u2019UE\"},{\"@type\":\"BreadcrumbList\",\"@id\":\"https:\/\/ilovefruitandvegfromeurope.com\/no\/utvalg-av-eu-oppskrifter-med-frukt-og-gronnsaker\/#breadcrumb\",\"itemListElement\":[{\"@type\":\"ListItem\",\"position\":1,\"name\":\"Home\",\"item\":\"https:\/\/ilovefruitandvegfromeurope.com\/no\/\"},{\"@type\":\"ListItem\",\"position\":2,\"name\":\"Utvalg av EU-oppskrifter med frukt og gr\u00f8nnsaker\"}]},{\"@type\":\"WebSite\",\"@id\":\"https:\/\/ilovefruitandvegfromeurope.com\/no\/#website\",\"url\":\"https:\/\/ilovefruitandvegfromeurope.com\/no\/\",\"name\":\"I Love Fruit And Veg From Europe\",\"description\":\"I Love Fruit And Veg From Europe: I Choose Fresh And Fair\",\"publisher\":{\"@id\":\"https:\/\/ilovefruitandvegfromeurope.com\/no\/#organization\"},\"potentialAction\":[{\"@type\":\"SearchAction\",\"target\":{\"@type\":\"EntryPoint\",\"urlTemplate\":\"https:\/\/ilovefruitandvegfromeurope.com\/no\/?s={search_term_string}\"},\"query-input\":{\"@type\":\"PropertyValueSpecification\",\"valueRequired\":true,\"valueName\":\"search_term_string\"}}],\"inLanguage\":\"nb-NO\"},{\"@type\":\"Organization\",\"@id\":\"https:\/\/ilovefruitandvegfromeurope.com\/no\/#organization\",\"name\":\"I Love Fruit And Veg From Europe\",\"url\":\"https:\/\/ilovefruitandvegfromeurope.com\/no\/\",\"logo\":{\"@type\":\"ImageObject\",\"inLanguage\":\"nb-NO\",\"@id\":\"https:\/\/ilovefruitandvegfromeurope.com\/no\/#\/schema\/logo\/image\/\",\"url\":\"https:\/\/ilovefruitandvegfromeurope.com\/wp-content\/uploads\/2021\/07\/logo.png\",\"contentUrl\":\"https:\/\/ilovefruitandvegfromeurope.com\/wp-content\/uploads\/2021\/07\/logo.png\",\"width\":248,\"height\":62,\"caption\":\"I Love Fruit And Veg From Europe\"},\"image\":{\"@id\":\"https:\/\/ilovefruitandvegfromeurope.com\/no\/#\/schema\/logo\/image\/\"}},{\"@type\":\"Person\",\"@id\":\"https:\/\/ilovefruitandvegfromeurope.com\/no\/#\/schema\/person\/163e69ff574190387c7458958552ffd7\",\"name\":\"fruitveg\",\"image\":{\"@type\":\"ImageObject\",\"inLanguage\":\"nb-NO\",\"@id\":\"https:\/\/ilovefruitandvegfromeurope.com\/no\/#\/schema\/person\/image\/\",\"url\":\"https:\/\/secure.gravatar.com\/avatar\/2b0054ffb041733ca48dc14a3e80a608?s=96&d=mm&r=g\",\"contentUrl\":\"https:\/\/secure.gravatar.com\/avatar\/2b0054ffb041733ca48dc14a3e80a608?s=96&d=mm&r=g\",\"caption\":\"fruitveg\"},\"sameAs\":[\"https:\/\/ilovefruitandvegfromeurope.com\"],\"url\":\"https:\/\/ilovefruitandvegfromeurope.com\/no\/author\/fruitveg\/\"}]}<\/script>\n<!-- \/ Yoast SEO plugin. -->","yoast_head_json":{"title":"Utvalg av EU-oppskrifter med frukt og gr\u00f8nnsaker","description":"Et utvalg av ferske frukt- og gr\u00f8nnsaksoppskrifter fra EU. Skjem deg bort med disse deilige oppskriftene.","robots":{"index":"index","follow":"follow","max-snippet":"max-snippet:-1","max-image-preview":"max-image-preview:large","max-video-preview":"max-video-preview:-1"},"canonical":"https:\/\/ilovefruitandvegfromeurope.com\/no\/utvalg-av-eu-oppskrifter-med-frukt-og-gronnsaker\/","og_locale":"nb_NO","og_type":"article","og_title":"Utvalg av EU-oppskrifter med frukt og gr\u00f8nnsaker","og_description":"Et utvalg av ferske frukt- og gr\u00f8nnsaksoppskrifter fra EU. Skjem deg bort med disse deilige oppskriftene.","og_url":"https:\/\/ilovefruitandvegfromeurope.com\/no\/utvalg-av-eu-oppskrifter-med-frukt-og-gronnsaker\/","og_site_name":"I Love Fruit And Veg From Europe","article_published_time":"2023-09-23T09:41:17+00:00","article_modified_time":"2023-10-06T09:25:03+00:00","og_image":[{"width":1200,"height":628,"url":"https:\/\/ilovefruitandvegfromeurope.com\/wp-content\/uploads\/2023\/10\/1200x628-42.png","type":"image\/png"}],"author":"fruitveg","twitter_card":"summary_large_image","twitter_misc":{"Skrevet av":"fruitveg","Ansl. lesetid":"2 minutter"},"schema":{"@context":"https:\/\/schema.org","@graph":[{"@type":"Article","@id":"https:\/\/ilovefruitandvegfromeurope.com\/no\/utvalg-av-eu-oppskrifter-med-frukt-og-gronnsaker\/#article","isPartOf":{"@id":"https:\/\/ilovefruitandvegfromeurope.com\/no\/utvalg-av-eu-oppskrifter-med-frukt-og-gronnsaker\/"},"author":{"name":"fruitveg","@id":"https:\/\/ilovefruitandvegfromeurope.com\/no\/#\/schema\/person\/163e69ff574190387c7458958552ffd7"},"headline":"Utvalg av EU-oppskrifter med frukt og gr\u00f8nnsaker","datePublished":"2023-09-23T09:41:17+00:00","dateModified":"2023-10-06T09:25:03+00:00","mainEntityOfPage":{"@id":"https:\/\/ilovefruitandvegfromeurope.com\/no\/utvalg-av-eu-oppskrifter-med-frukt-og-gronnsaker\/"},"wordCount":374,"commentCount":0,"publisher":{"@id":"https:\/\/ilovefruitandvegfromeurope.com\/no\/#organization"},"image":{"@id":"https:\/\/ilovefruitandvegfromeurope.com\/no\/utvalg-av-eu-oppskrifter-med-frukt-og-gronnsaker\/#primaryimage"},"thumbnailUrl":"https:\/\/ilovefruitandvegfromeurope.com\/wp-content\/uploads\/2023\/10\/1200x628-42.png","articleSection":["News"],"inLanguage":"nb-NO"},{"@type":"WebPage","@id":"https:\/\/ilovefruitandvegfromeurope.com\/no\/utvalg-av-eu-oppskrifter-med-frukt-og-gronnsaker\/","url":"https:\/\/ilovefruitandvegfromeurope.com\/no\/utvalg-av-eu-oppskrifter-med-frukt-og-gronnsaker\/","name":"Utvalg av EU-oppskrifter med frukt og gr\u00f8nnsaker","isPartOf":{"@id":"https:\/\/ilovefruitandvegfromeurope.com\/no\/#website"},"primaryImageOfPage":{"@id":"https:\/\/ilovefruitandvegfromeurope.com\/no\/utvalg-av-eu-oppskrifter-med-frukt-og-gronnsaker\/#primaryimage"},"image":{"@id":"https:\/\/ilovefruitandvegfromeurope.com\/no\/utvalg-av-eu-oppskrifter-med-frukt-og-gronnsaker\/#primaryimage"},"thumbnailUrl":"https:\/\/ilovefruitandvegfromeurope.com\/wp-content\/uploads\/2023\/10\/1200x628-42.png","datePublished":"2023-09-23T09:41:17+00:00","dateModified":"2023-10-06T09:25:03+00:00","description":"Et utvalg av ferske frukt- og gr\u00f8nnsaksoppskrifter fra EU. Skjem deg bort med disse deilige oppskriftene.","breadcrumb":{"@id":"https:\/\/ilovefruitandvegfromeurope.com\/no\/utvalg-av-eu-oppskrifter-med-frukt-og-gronnsaker\/#breadcrumb"},"inLanguage":"nb-NO","potentialAction":[{"@type":"ReadAction","target":["https:\/\/ilovefruitandvegfromeurope.com\/no\/utvalg-av-eu-oppskrifter-med-frukt-og-gronnsaker\/"]}]},{"@type":"ImageObject","inLanguage":"nb-NO","@id":"https:\/\/ilovefruitandvegfromeurope.com\/no\/utvalg-av-eu-oppskrifter-med-frukt-og-gronnsaker\/#primaryimage","url":"https:\/\/ilovefruitandvegfromeurope.com\/wp-content\/uploads\/2023\/10\/1200x628-42.png","contentUrl":"https:\/\/ilovefruitandvegfromeurope.com\/wp-content\/uploads\/2023\/10\/1200x628-42.png","width":1200,"height":628,"caption":"La Migliore Frutta Fresca dell\u2019UE"},{"@type":"BreadcrumbList","@id":"https:\/\/ilovefruitandvegfromeurope.com\/no\/utvalg-av-eu-oppskrifter-med-frukt-og-gronnsaker\/#breadcrumb","itemListElement":[{"@type":"ListItem","position":1,"name":"Home","item":"https:\/\/ilovefruitandvegfromeurope.com\/no\/"},{"@type":"ListItem","position":2,"name":"Utvalg av EU-oppskrifter med frukt og gr\u00f8nnsaker"}]},{"@type":"WebSite","@id":"https:\/\/ilovefruitandvegfromeurope.com\/no\/#website","url":"https:\/\/ilovefruitandvegfromeurope.com\/no\/","name":"I Love Fruit And Veg From Europe","description":"I Love Fruit And Veg From Europe: I Choose Fresh And Fair","publisher":{"@id":"https:\/\/ilovefruitandvegfromeurope.com\/no\/#organization"},"potentialAction":[{"@type":"SearchAction","target":{"@type":"EntryPoint","urlTemplate":"https:\/\/ilovefruitandvegfromeurope.com\/no\/?s={search_term_string}"},"query-input":{"@type":"PropertyValueSpecification","valueRequired":true,"valueName":"search_term_string"}}],"inLanguage":"nb-NO"},{"@type":"Organization","@id":"https:\/\/ilovefruitandvegfromeurope.com\/no\/#organization","name":"I Love Fruit And Veg From Europe","url":"https:\/\/ilovefruitandvegfromeurope.com\/no\/","logo":{"@type":"ImageObject","inLanguage":"nb-NO","@id":"https:\/\/ilovefruitandvegfromeurope.com\/no\/#\/schema\/logo\/image\/","url":"https:\/\/ilovefruitandvegfromeurope.com\/wp-content\/uploads\/2021\/07\/logo.png","contentUrl":"https:\/\/ilovefruitandvegfromeurope.com\/wp-content\/uploads\/2021\/07\/logo.png","width":248,"height":62,"caption":"I Love Fruit And Veg From Europe"},"image":{"@id":"https:\/\/ilovefruitandvegfromeurope.com\/no\/#\/schema\/logo\/image\/"}},{"@type":"Person","@id":"https:\/\/ilovefruitandvegfromeurope.com\/no\/#\/schema\/person\/163e69ff574190387c7458958552ffd7","name":"fruitveg","image":{"@type":"ImageObject","inLanguage":"nb-NO","@id":"https:\/\/ilovefruitandvegfromeurope.com\/no\/#\/schema\/person\/image\/","url":"https:\/\/secure.gravatar.com\/avatar\/2b0054ffb041733ca48dc14a3e80a608?s=96&d=mm&r=g","contentUrl":"https:\/\/secure.gravatar.com\/avatar\/2b0054ffb041733ca48dc14a3e80a608?s=96&d=mm&r=g","caption":"fruitveg"},"sameAs":["https:\/\/ilovefruitandvegfromeurope.com"],"url":"https:\/\/ilovefruitandvegfromeurope.com\/no\/author\/fruitveg\/"}]}},"_links":{"self":[{"href":"https:\/\/ilovefruitandvegfromeurope.com\/no\/wp-json\/wp\/v2\/posts\/27788","targetHints":{"allow":["GET"]}}],"collection":[{"href":"https:\/\/ilovefruitandvegfromeurope.com\/no\/wp-json\/wp\/v2\/posts"}],"about":[{"href":"https:\/\/ilovefruitandvegfromeurope.com\/no\/wp-json\/wp\/v2\/types\/post"}],"author":[{"embeddable":true,"href":"https:\/\/ilovefruitandvegfromeurope.com\/no\/wp-json\/wp\/v2\/users\/1"}],"replies":[{"embeddable":true,"href":"https:\/\/ilovefruitandvegfromeurope.com\/no\/wp-json\/wp\/v2\/comments?post=27788"}],"version-history":[{"count":1,"href":"https:\/\/ilovefruitandvegfromeurope.com\/no\/wp-json\/wp\/v2\/posts\/27788\/revisions"}],"predecessor-version":[{"id":27790,"href":"https:\/\/ilovefruitandvegfromeurope.com\/no\/wp-json\/wp\/v2\/posts\/27788\/revisions\/27790"}],"wp:featuredmedia":[{"embeddable":true,"href":"https:\/\/ilovefruitandvegfromeurope.com\/no\/wp-json\/wp\/v2\/media\/27695"}],"wp:attachment":[{"href":"https:\/\/ilovefruitandvegfromeurope.com\/no\/wp-json\/wp\/v2\/media?parent=27788"}],"wp:term":[{"taxonomy":"category","embeddable":true,"href":"https:\/\/ilovefruitandvegfromeurope.com\/no\/wp-json\/wp\/v2\/categories?post=27788"},{"taxonomy":"post_tag","embeddable":true,"href":"https:\/\/ilovefruitandvegfromeurope.com\/no\/wp-json\/wp\/v2\/tags?post=27788"}],"curies":[{"name":"wp","href":"https:\/\/api.w.org\/{rel}","templated":true}]}}